{"id":5614,"date":"2012-07-18T09:28:46","date_gmt":"2012-07-18T07:28:46","guid":{"rendered":"http:\/\/archivio.comune.potenza.it\/comune_wp\/?p=5614"},"modified":"2012-07-18T09:28:46","modified_gmt":"2012-07-18T07:28:46","slug":"santarsiero-no-alla-soppressione-del-tribunale-di-melfi","status":"publish","type":"post","link":"https:\/\/archivio.comune.potenza.it\/?p=5614","title":{"rendered":"Santarsiero:no alla soppressione del Tribunale di Melfi"},"content":{"rendered":"<p style=\"text-align: justify;\"><span style=\"line-height: normal; text-align: left;\">\u201cLe manifestazioni opportunamente promosse a Lavello e Melfi da Sindaci ed associazioni dell\u2019area del Vulture rappresentano l\u2019occasione per ribadire con forza la nostra ferma opposizione alla soppressione del Tribunale di Melfi.\u201d<br \/><\/span><span style=\"line-height: normal;\">Cos\u00ec il Sindaco di Potenza e Presidente dell\u2019Anci Basilicata Vito Santarsiero per il quale \u201csicuramente occorre risparmiare, ma nel settore della Giustizia ci\u00f2 avviene non con la eliminazione dei tribunali, fondamentali soprattutto nel Sud per la lotta alla criminalit\u00e0 e ad ogni forma di illegalit\u00e0, bens\u00ec con una revisione complessiva della sistema giustizia del nostro Paese.<br \/><\/span><span style=\"line-height: normal;\">Il Tribunale di Melfi \u00e8 baluardo fondamentale ed insostituibile in una zona delicatissima della nostra Regione per la presenza di una importante area industriale che ospita uno dei principali stabilimenti Fiat nonch\u00e9 per la presenza nei territori limitrofi di una criminalit\u00e0 organizzata tra le pi\u00f9 pericolose d\u2019Italia. Sopprimere il Tribunale di Melfi significa mettere a rischio la Regione, i suoi processi di sviluppo, le sue stesse peculiarit\u00e0 sociali ed ambientali. Chiediamo un deciso ripensamento rispetto a quanto deliberato dal Governo.\u00a0<\/span><span style=\"line-height: normal;\">L\u2019Anci \u2013 conclude- \u00e8 in prima linea in questa battaglia di civilt\u00e0 come lo \u00e8 la citt\u00e0 di Potenza riguardo all\u2019area nord della Regione come area da rafforzare, tutelare, e con cui costruire comuni processi di sviluppo.\u201d<\/span><\/p>\n<p>\u00a0<\/p>\n","protected":false},"excerpt":{"rendered":"<p>\u201cLe manifestazioni opportunamente promosse a Lavello e Melfi da Sindaci ed associazioni dell\u2019area del Vulture rappresentano l\u2019occasione per ribadire con forza la nostra ferma opposizione &#8230; <\/p>\n","protected":false},"author":1,"featured_media":0,"comment_status":"closed","ping_status":"closed","sticky":false,"template":"single-sidebar.php","format":"standard","meta":{"footnotes":""},"categories":[63],"tags":[],"class_list":["post-5614","post","type-post","status-publish","format-standard","hentry","category-news"],"_links":{"self":[{"href":"https:\/\/archivio.comune.potenza.it\/index.php?rest_route=\/wp\/v2\/posts\/5614"}],"collection":[{"href":"https:\/\/archivio.comune.potenza.it\/index.php?rest_route=\/wp\/v2\/posts"}],"about":[{"href":"https:\/\/archivio.comune.potenza.it\/index.php?rest_route=\/wp\/v2\/types\/post"}],"author":[{"embeddable":true,"href":"https:\/\/archivio.comune.potenza.it\/index.php?rest_route=\/wp\/v2\/users\/1"}],"replies":[{"embeddable":true,"href":"https:\/\/archivio.comune.potenza.it\/index.php?rest_route=%2Fwp%2Fv2%2Fcomments&post=5614"}],"version-history":[{"count":0,"href":"https:\/\/archivio.comune.potenza.it\/index.php?rest_route=\/wp\/v2\/posts\/5614\/revisions"}],"wp:attachment":[{"href":"https:\/\/archivio.comune.potenza.it\/index.php?rest_route=%2Fwp%2Fv2%2Fmedia&parent=5614"}],"wp:term":[{"taxonomy":"category","embeddable":true,"href":"https:\/\/archivio.comune.potenza.it\/index.php?rest_route=%2Fwp%2Fv2%2Fcategories&post=5614"},{"taxonomy":"post_tag","embeddable":true,"href":"https:\/\/archivio.comune.potenza.it\/index.php?rest_route=%2Fwp%2Fv2%2Ftags&post=5614"}],"curies":[{"name":"wp","href":"https:\/\/api.w.org\/{rel}","templated":true}]}}