{"id":5618,"date":"2012-07-18T11:00:45","date_gmt":"2012-07-18T09:00:45","guid":{"rendered":"http:\/\/archivio.comune.potenza.it\/comune_wp\/?p=5618"},"modified":"2012-07-18T11:00:45","modified_gmt":"2012-07-18T09:00:45","slug":"pisus-santarsiero-e-adduce-replicano-al-consigliere-napoli","status":"publish","type":"post","link":"https:\/\/archivio.comune.potenza.it\/?p=5618","title":{"rendered":"PISUS:Santarsiero e Adduce replicano al consigliere Napoli"},"content":{"rendered":"<p>\u201cPurtroppo il consigliere regionale e comunale Michele Napoli parla di Pisus senza cognizione di causa ed anche con la responsabilit\u00e0 di essere consigliere regionale e quindi protagonista delle azioni che riguardano il POR.\u201d<br \/>Cos\u00ec il Sindaco di Potenza, Vito Santarsiero ed il Sindaco di Matera, Salvatore Adduce, replicano a quanto affermato in un conferenza stampa dal consigliere Napoli.<br \/>\u201c Nonostante notoriamente l\u2019asse V del POR sia quello che per una serie di circostanze \u00e8 partito solo otto mesi fa senza responsabilit\u00e0 dei Comuni, ad oggi gli stessi hanno rispettato tempistica e crono programma. Le Citt\u00e0 di Potenza e Matera \u2013 aggiungono- con la Regione stanno lavorando ad una azione organica e pluriennale di sviluppo dei territori, tanto Potenza 2020 quanto Matera 2019 rappresentano piani e strategie di ampio respiro di cui i PISUS sono il primo passo. In questo senso la riprogrammazione dei PISUS definita con la Regione, il Governo nazionale e la Commissione Europea consentir\u00e0 non soltanto di non perdere neanche un euro di quanto definito all\u2019inizio del percorso, ma grazie alla disponibilit\u00e0 del Fondo Sviluppo Coesione e del FAS, potremo utilizzare, come gi\u00e0 comunicato dopo le riunioni del 15 e 28 giugno, risorse superiori a quelle inizialmente assegnate.<br \/>Ci aspettiamo dal consigliere Napoli, dopo aver approfondito la conoscenza dell\u2019intera questione &#8211; concludono Santarsiero e Adduce- \u00a0un sostegno a proseguire lungo la strada tracciata per attuare il programma a vantaggio dell\u2019intera comunit\u00e0 regionale. L\u2019invito accorato \u00e8 ad evitare strumentalizzazioni\u00a0 e a ripiegarci tutti per il bene comune.\u201d<\/p>\n","protected":false},"excerpt":{"rendered":"<p>\u201cPurtroppo il consigliere regionale e comunale Michele Napoli parla di Pisus senza cognizione di causa ed anche con la responsabilit\u00e0 di essere consigliere regionale e &#8230; <\/p>\n","protected":false},"author":1,"featured_media":0,"comment_status":"closed","ping_status":"closed","sticky":false,"template":"single-sidebar.php","format":"standard","meta":{"footnotes":""},"categories":[63],"tags":[],"class_list":["post-5618","post","type-post","status-publish","format-standard","hentry","category-news"],"_links":{"self":[{"href":"https:\/\/archivio.comune.potenza.it\/index.php?rest_route=\/wp\/v2\/posts\/5618"}],"collection":[{"href":"https:\/\/archivio.comune.potenza.it\/index.php?rest_route=\/wp\/v2\/posts"}],"about":[{"href":"https:\/\/archivio.comune.potenza.it\/index.php?rest_route=\/wp\/v2\/types\/post"}],"author":[{"embeddable":true,"href":"https:\/\/archivio.comune.potenza.it\/index.php?rest_route=\/wp\/v2\/users\/1"}],"replies":[{"embeddable":true,"href":"https:\/\/archivio.comune.potenza.it\/index.php?rest_route=%2Fwp%2Fv2%2Fcomments&post=5618"}],"version-history":[{"count":0,"href":"https:\/\/archivio.comune.potenza.it\/index.php?rest_route=\/wp\/v2\/posts\/5618\/revisions"}],"wp:attachment":[{"href":"https:\/\/archivio.comune.potenza.it\/index.php?rest_route=%2Fwp%2Fv2%2Fmedia&parent=5618"}],"wp:term":[{"taxonomy":"category","embeddable":true,"href":"https:\/\/archivio.comune.potenza.it\/index.php?rest_route=%2Fwp%2Fv2%2Fcategories&post=5618"},{"taxonomy":"post_tag","embeddable":true,"href":"https:\/\/archivio.comune.potenza.it\/index.php?rest_route=%2Fwp%2Fv2%2Ftags&post=5618"}],"curies":[{"name":"wp","href":"https:\/\/api.w.org\/{rel}","templated":true}]}}