{"id":5620,"date":"2012-07-18T11:46:26","date_gmt":"2012-07-18T09:46:26","guid":{"rendered":"http:\/\/archivio.comune.potenza.it\/comune_wp\/?p=5620"},"modified":"2012-07-18T11:46:26","modified_gmt":"2012-07-18T09:46:26","slug":"l-ex-scuola-torraca-in-prima-commissione","status":"publish","type":"post","link":"https:\/\/archivio.comune.potenza.it\/?p=5620","title":{"rendered":"L&#8217;ex scuola Torraca in Prima commissione"},"content":{"rendered":"<p><img loading=\"lazy\" decoding=\"async\" src=\"images\/papa%20su%20torraca.jpg\" border=\"0\" width=\"200\" height=\"150\" style=\"border: 0; float: left; margin: 10px;\" \/><span style=\"font-size: 14pt; line-height: 115%; font-family: 'Times New Roman','serif'; color: #333333;\">Quale futuro per l\u2019edificio che ospitava la scuola Torraca? Questo il tema affrontato nella seduta della Prima commissione consiliare permanente presieduta dal vicepresidente Sebastiano Papa. \u201cSi tratta \u2013 spiega Papa \u2013 di un immobile comunale che deve essere riqualificato per quello che rappresenta per la storia recente del capoluogo tutto e del suo centro storico in particolare e per quello che pu\u00f2 significare in prospettiva per la parte antica della citt\u00e0. Siamo di fronte a un edificio di pregio, che necessita di interventi importanti, ma che pu\u00f2 svolgere un ruolo decisivo nell\u2019ambito dello sviluppo economico del cuore del capoluogo. Nelle sue decine di aule, nelle sue due palestre, nella sua enorme aula magna, nei suoi piazzali, quello posto all\u2019ingresso e quello posto nella parte inferiore dell\u2019edificio, nei suoi molti locali deputati a uffici di segreteria, uffici amministrativi e uffici di presidenza, si sono formati, hanno giocato, hanno lavorato con dedizione e profitto, non solo migliaia di studenti, tra i quali oggi molti rivestono ruoli apicali nella societ\u00e0 civile lucana e in quella nazionale e internazionale, ma anche presidi, docenti, impiegati, personale ausiliario. Una moltitudine di persone che contribuiva, non solo a rendere pi\u00f9 viva la parte antica di Potenza sotto tutti i punti di vista, da quello socio-culturale a quello economico, da quello del costume e del colore a quello formativo e intellettuale, ma che a far s\u00ec che i potentini potessero sentirsi maggiormente protagonisti della loro citt\u00e0 e dei suoi pochi e per questo preziosi spazi. Riteniamo importante ascoltare sul tema il Sindaco, l\u2019assessore e il dirigente competente sulla materia per comprendere la volont\u00e0 dell\u2019Amministrazione e per verificare insieme le soluzioni migliori che possano concretizzarsi entro il pi\u00f9 breve tempo possibile\u201d.<\/span><\/p>\n","protected":false},"excerpt":{"rendered":"<p>Quale futuro per l\u2019edificio che ospitava la scuola Torraca? Questo il tema affrontato nella seduta della Prima commissione consiliare permanente presieduta dal vicepresidente Sebastiano Papa. &#8230; <\/p>\n","protected":false},"author":1,"featured_media":0,"comment_status":"closed","ping_status":"closed","sticky":false,"template":"single-sidebar.php","format":"standard","meta":{"footnotes":""},"categories":[63],"tags":[],"class_list":["post-5620","post","type-post","status-publish","format-standard","hentry","category-news"],"_links":{"self":[{"href":"https:\/\/archivio.comune.potenza.it\/index.php?rest_route=\/wp\/v2\/posts\/5620"}],"collection":[{"href":"https:\/\/archivio.comune.potenza.it\/index.php?rest_route=\/wp\/v2\/posts"}],"about":[{"href":"https:\/\/archivio.comune.potenza.it\/index.php?rest_route=\/wp\/v2\/types\/post"}],"author":[{"embeddable":true,"href":"https:\/\/archivio.comune.potenza.it\/index.php?rest_route=\/wp\/v2\/users\/1"}],"replies":[{"embeddable":true,"href":"https:\/\/archivio.comune.potenza.it\/index.php?rest_route=%2Fwp%2Fv2%2Fcomments&post=5620"}],"version-history":[{"count":0,"href":"https:\/\/archivio.comune.potenza.it\/index.php?rest_route=\/wp\/v2\/posts\/5620\/revisions"}],"wp:attachment":[{"href":"https:\/\/archivio.comune.potenza.it\/index.php?rest_route=%2Fwp%2Fv2%2Fmedia&parent=5620"}],"wp:term":[{"taxonomy":"category","embeddable":true,"href":"https:\/\/archivio.comune.potenza.it\/index.php?rest_route=%2Fwp%2Fv2%2Fcategories&post=5620"},{"taxonomy":"post_tag","embeddable":true,"href":"https:\/\/archivio.comune.potenza.it\/index.php?rest_route=%2Fwp%2Fv2%2Ftags&post=5620"}],"curies":[{"name":"wp","href":"https:\/\/api.w.org\/{rel}","templated":true}]}}