{"id":5622,"date":"2012-07-18T15:27:27","date_gmt":"2012-07-18T13:27:27","guid":{"rendered":"http:\/\/archivio.comune.potenza.it\/comune_wp\/?p=5622"},"modified":"2012-07-18T15:27:27","modified_gmt":"2012-07-18T13:27:27","slug":"portasalza-s-summer-and-the-city-giovedi-19-alle-20","status":"publish","type":"post","link":"https:\/\/archivio.comune.potenza.it\/?p=5622","title":{"rendered":"Portasalza\u2019s summer and the city, oggi 19 alle 20"},"content":{"rendered":"<p><span>Si terr\u00e0 nell\u2019affascinate cornice di Portasalza la prima edizione del \u2018Portasalza\u2019s summer and the city\u2019, un mix di musica dal vivo e degustazioni organizzata dall\u2019Ascom della provincia di Potenza e patrocinata dal Comune. Sei gli appuntamenti che cominceranno oggi 19 luglio alle 20 con il Peppe Sileo Quartet. \u201cAbbiamo voluto organizzare il palco delle esibizioni in via Orazio Flacco, cos\u00ec da consentire agli spettatori di disporsi lungo la storica via potentina a mo\u2019 di anfiteatro\u201d questo quanto spiegato dal presidente Ascom Marco Trotta che ha anche evidenziato come le degustazioni saranno effettuate nell\u2019adiacente vicolo Orazio Flacco. \u201cL\u2019idea dalla quale siamo partiti \u00e8 stata quella di coinvolgere tutta la citt\u00e0 a partire dal centro storico. Preziosa in questo senso \u00e8 stata la collaborazione offerta dagli esercenti della zona di Portasalza grazie ai quali potremo offrire momenti di divertimento e di socializzazione all\u2019insegna della musica dal vivo e della buona cucina\u201d.<\/span><\/p>\n","protected":false},"excerpt":{"rendered":"<p>Si terr\u00e0 nell\u2019affascinate cornice di Portasalza la prima edizione del \u2018Portasalza\u2019s summer and the city\u2019, un mix di musica dal vivo e degustazioni organizzata dall\u2019Ascom &#8230; <\/p>\n","protected":false},"author":1,"featured_media":0,"comment_status":"closed","ping_status":"closed","sticky":false,"template":"single-sidebar.php","format":"standard","meta":{"footnotes":""},"categories":[63],"tags":[],"class_list":["post-5622","post","type-post","status-publish","format-standard","hentry","category-news"],"_links":{"self":[{"href":"https:\/\/archivio.comune.potenza.it\/index.php?rest_route=\/wp\/v2\/posts\/5622"}],"collection":[{"href":"https:\/\/archivio.comune.potenza.it\/index.php?rest_route=\/wp\/v2\/posts"}],"about":[{"href":"https:\/\/archivio.comune.potenza.it\/index.php?rest_route=\/wp\/v2\/types\/post"}],"author":[{"embeddable":true,"href":"https:\/\/archivio.comune.potenza.it\/index.php?rest_route=\/wp\/v2\/users\/1"}],"replies":[{"embeddable":true,"href":"https:\/\/archivio.comune.potenza.it\/index.php?rest_route=%2Fwp%2Fv2%2Fcomments&post=5622"}],"version-history":[{"count":0,"href":"https:\/\/archivio.comune.potenza.it\/index.php?rest_route=\/wp\/v2\/posts\/5622\/revisions"}],"wp:attachment":[{"href":"https:\/\/archivio.comune.potenza.it\/index.php?rest_route=%2Fwp%2Fv2%2Fmedia&parent=5622"}],"wp:term":[{"taxonomy":"category","embeddable":true,"href":"https:\/\/archivio.comune.potenza.it\/index.php?rest_route=%2Fwp%2Fv2%2Fcategories&post=5622"},{"taxonomy":"post_tag","embeddable":true,"href":"https:\/\/archivio.comune.potenza.it\/index.php?rest_route=%2Fwp%2Fv2%2Ftags&post=5622"}],"curies":[{"name":"wp","href":"https:\/\/api.w.org\/{rel}","templated":true}]}}