{"id":5634,"date":"2012-07-20T10:30:29","date_gmt":"2012-07-20T08:30:29","guid":{"rendered":"http:\/\/archivio.comune.potenza.it\/comune_wp\/?p=5634"},"modified":"2012-07-20T10:30:29","modified_gmt":"2012-07-20T08:30:29","slug":"santarsiero-saluta-il-generale-cipolletta","status":"publish","type":"post","link":"https:\/\/archivio.comune.potenza.it\/?p=5634","title":{"rendered":"Santarsiero saluta il Generale Cipolletta"},"content":{"rendered":"<p style=\"text-align: justify;\"><img decoding=\"async\" src=\"images\/phocagallery\/generale.jpg\" border=\"0\" style=\"float: left; margin: 10px;\" \/>\u201cEsprimo tutto il dispiacere, della citt\u00e0 e mio personale, per il fatto che il Generale lascia la nostra Citt\u00e0 e la nostra Regione. Abbiamo molto apprezzato in questi anni il lavoro che ha sviluppato.\u201d<br \/>Cos\u00ec il Sindaco di Potenza, Vito Santarsiero che ha salutato, donandogli il medagliere della citt\u00e0, il Generale di Brigata Mauro Cipolletta Comandante della Legione Carabinieri \u201cBasilicata\u201d di Potenza che lascia la nostra Regione per altro incarico.<br \/>\u201cIl legame dell\u2019Arma con noi Istituzioni \u2013ha aggiunto Santarsiero- \u00e8 sempre stato molto forte e significativo. Abbiamo sempre considerato la loro azione una risorsa per la nostra comunit\u00e0, un elemento fondamentale per garantire non soltanto la sicurezza ma anche i processi di crescita e sviluppo. Abbiamo anche apprezzato l\u2019impegno del Generale in ordine al percorso in corso, per il cui avvio la sua azione \u00e8 stata determinante, per il recupero della Caserma Lucania quale sede del Comando regionale dell\u2019Arma dei Carabinieri. Facciamo gli auguri \u2013ha concluso Santarsiero- per il prestigioso incarico romano che andr\u00e0 a svolgere e siamo certi che il lavoro da Lei avviato non solo continuer\u00e0 ma rafforzer\u00e0 sempre pi\u00f9 il \u00a0legame tra noi e l\u2019Arma.\u201d<br \/>\u201cRingrazio il Sindaco \u2013ha detto il Generale Cipolletta- come rappresentante Istituzionale per la ospitalit\u00e0 che ho ricevuto in questo triennio di permanenza ma anche a livello personale per la attenzione che ha sempre avuto nei nostri confronti e per aver contribuito alla risoluzione della problematica della Caserma Lucania che permetter\u00e0 a noi di unificarci e di risparmiare risorse logistiche che potremo proiettare sempre pi\u00f9 su quello che \u00e8 il nostro obiettivo principale e cio\u00e8 il controllo del territorio e la erogazione di un servizio sempre pi\u00f9 aderente alle necessit\u00e0 dei potentini e della citt\u00e0 di Potenza. E\u2019 bene ricordare \u2013ha aggiunto- che quest\u2019ultima, come tutti i comuni potentini e materani, registra uno dei pi\u00f9 bassi indici di criminalit\u00e0 nazionale per abitante e questo \u00e8 sintomatico non solo del lavoro dell\u2019Arma che spesso svolge un\u2019azione preventiva non sempre quantificata ma anche merito di un tessuto sociale che \u00e8 ancora sano e dell\u2019impegno di ognuno, per sua competenza e per suo ambito, al fine di trovare le possibili soluzioni che possano garantire sempre maggiore vivibilit\u00e0 del territorio.\u201d<\/p>\n<p style=\"text-align: justify;\">\u00a0<\/p>\n<p>\u00a0<\/p>\n","protected":false},"excerpt":{"rendered":"<p>\u201cEsprimo tutto il dispiacere, della citt\u00e0 e mio personale, per il fatto che il Generale lascia la nostra Citt\u00e0 e la nostra Regione. Abbiamo molto &#8230; <\/p>\n","protected":false},"author":1,"featured_media":0,"comment_status":"closed","ping_status":"closed","sticky":false,"template":"single-sidebar.php","format":"standard","meta":{"footnotes":""},"categories":[63],"tags":[],"class_list":["post-5634","post","type-post","status-publish","format-standard","hentry","category-news"],"_links":{"self":[{"href":"https:\/\/archivio.comune.potenza.it\/index.php?rest_route=\/wp\/v2\/posts\/5634"}],"collection":[{"href":"https:\/\/archivio.comune.potenza.it\/index.php?rest_route=\/wp\/v2\/posts"}],"about":[{"href":"https:\/\/archivio.comune.potenza.it\/index.php?rest_route=\/wp\/v2\/types\/post"}],"author":[{"embeddable":true,"href":"https:\/\/archivio.comune.potenza.it\/index.php?rest_route=\/wp\/v2\/users\/1"}],"replies":[{"embeddable":true,"href":"https:\/\/archivio.comune.potenza.it\/index.php?rest_route=%2Fwp%2Fv2%2Fcomments&post=5634"}],"version-history":[{"count":0,"href":"https:\/\/archivio.comune.potenza.it\/index.php?rest_route=\/wp\/v2\/posts\/5634\/revisions"}],"wp:attachment":[{"href":"https:\/\/archivio.comune.potenza.it\/index.php?rest_route=%2Fwp%2Fv2%2Fmedia&parent=5634"}],"wp:term":[{"taxonomy":"category","embeddable":true,"href":"https:\/\/archivio.comune.potenza.it\/index.php?rest_route=%2Fwp%2Fv2%2Fcategories&post=5634"},{"taxonomy":"post_tag","embeddable":true,"href":"https:\/\/archivio.comune.potenza.it\/index.php?rest_route=%2Fwp%2Fv2%2Ftags&post=5634"}],"curies":[{"name":"wp","href":"https:\/\/api.w.org\/{rel}","templated":true}]}}