{"id":5657,"date":"2012-07-24T15:38:53","date_gmt":"2012-07-24T13:38:53","guid":{"rendered":"http:\/\/archivio.comune.potenza.it\/comune_wp\/?p=5657"},"modified":"2012-07-24T15:38:53","modified_gmt":"2012-07-24T13:38:53","slug":"santarsiero-dopo-incontro-con-ministro-giarda-svolta-nei-rapporti-con-governo","status":"publish","type":"post","link":"https:\/\/archivio.comune.potenza.it\/?p=5657","title":{"rendered":"Santarsiero: \u201cdopo incontro con Ministro Giarda svolta nei rapporti con Governo\u201d"},"content":{"rendered":"<p style=\"text-align: justify;\">\u201cLa ferma presa di posizione del Presidente Delrio con il Ministro per i Rapporti con il Parlamento Piero Giarda\u00a0 in ordine alla richiesta di modifica della norma del Decreto della spending review che di fatto trasforma i risparmi di spesa dei Comuni in ulteriori tagli ai trasferimenti per 1,5 miliardi di euro tra il 2012 e il 2013, rappresenta una vera svolta nei rapporti tra Anci e Governo.\u201d<br \/>Cos\u00ec Vito Santarsiero Sindaco di Potenza e\u00a0 presidente Anci Basilicata al termine dell\u2019incontro Anci con il Ministro a margine della manifestazione tenutasi oggi a Roma.<br \/>\u201cIn assenza di una chiara presa di posizione del Presidente Monti che ha sempre parlato di risparmi e non di tagli lineari e senza l\u2019approvazione in Parlamento dell\u2019emendamento n.16.35 del Senatore Stradiotto, &#8211; aggiunge Santarsiero- per i Comuni sar\u00e0 impossibile continuare a garantire i servizi essenziali e rispettare il Patto di Stabilit\u00e0 come avr\u00e0 poco senso continuare a sedersi a qualsiasi tavolo di trattativa con il Governo.\u201d<\/p>\n<p style=\"text-align: justify;\">\u00a0<\/p>\n","protected":false},"excerpt":{"rendered":"<p>\u201cLa ferma presa di posizione del Presidente Delrio con il Ministro per i Rapporti con il Parlamento Piero Giarda\u00a0 in ordine alla richiesta di modifica &#8230; <\/p>\n","protected":false},"author":1,"featured_media":0,"comment_status":"closed","ping_status":"closed","sticky":false,"template":"single-sidebar.php","format":"standard","meta":{"footnotes":""},"categories":[63],"tags":[],"class_list":["post-5657","post","type-post","status-publish","format-standard","hentry","category-news"],"_links":{"self":[{"href":"https:\/\/archivio.comune.potenza.it\/index.php?rest_route=\/wp\/v2\/posts\/5657"}],"collection":[{"href":"https:\/\/archivio.comune.potenza.it\/index.php?rest_route=\/wp\/v2\/posts"}],"about":[{"href":"https:\/\/archivio.comune.potenza.it\/index.php?rest_route=\/wp\/v2\/types\/post"}],"author":[{"embeddable":true,"href":"https:\/\/archivio.comune.potenza.it\/index.php?rest_route=\/wp\/v2\/users\/1"}],"replies":[{"embeddable":true,"href":"https:\/\/archivio.comune.potenza.it\/index.php?rest_route=%2Fwp%2Fv2%2Fcomments&post=5657"}],"version-history":[{"count":0,"href":"https:\/\/archivio.comune.potenza.it\/index.php?rest_route=\/wp\/v2\/posts\/5657\/revisions"}],"wp:attachment":[{"href":"https:\/\/archivio.comune.potenza.it\/index.php?rest_route=%2Fwp%2Fv2%2Fmedia&parent=5657"}],"wp:term":[{"taxonomy":"category","embeddable":true,"href":"https:\/\/archivio.comune.potenza.it\/index.php?rest_route=%2Fwp%2Fv2%2Fcategories&post=5657"},{"taxonomy":"post_tag","embeddable":true,"href":"https:\/\/archivio.comune.potenza.it\/index.php?rest_route=%2Fwp%2Fv2%2Ftags&post=5657"}],"curies":[{"name":"wp","href":"https:\/\/api.w.org\/{rel}","templated":true}]}}