{"id":5658,"date":"2012-07-24T17:18:07","date_gmt":"2012-07-24T15:18:07","guid":{"rendered":"http:\/\/archivio.comune.potenza.it\/comune_wp\/?p=5658"},"modified":"2012-07-24T17:18:07","modified_gmt":"2012-07-24T15:18:07","slug":"in-v-commissione-il-responsabile-di-sviluppo-basilicata","status":"publish","type":"post","link":"https:\/\/archivio.comune.potenza.it\/?p=5658","title":{"rendered":"In V Commissione il responsabile di Sviluppo Basilicata"},"content":{"rendered":"<p style=\"text-align: justify;\"><img decoding=\"async\" src=\"images\/phocagallery\/quinta.jpg\" border=\"0\" style=\"float: left; margin: 10px;\" \/>Una audizione molto interessante e proficua \u00e8 stata definita dal Presidente della V Commissione Consiliare Permanente Sebastiano Papa quella del responsabile di Sviluppo Basilicata Raffaele Ricciuti che ha illustrato ai consiglieri comunali presenti l\u2019attivit\u00e0 della societ\u00e0 da lui diretta che gestisce una serie di strumenti oltre al prestito d\u2019onore e microimpresa.<br \/>\u201cAbbiamo avuto modo di apprendere \u2013ha detto Papa- dati sul mondo del lavoro, su quello giovanile e sulle sue problematiche da un punto di osservazione privilegiato.\u201d<br \/>\u201cAssistiamo \u2013ha detto Ricciuti- ad un fermento imprenditoriale proprio su Potenza, Matera e sul Vulture. Per quanto riguarda il capoluogo di regione c\u2019\u00e8 una inversione di tendenza. Fino a poco tempo fa arrivavano pratiche di persone che volevano avviare attivit\u00e0 commerciali. Oggi invece veniamo contattati da giovani che tornano a Potenza con professionalit\u00e0 interessanti, tutti ragazzi che si sono formati alla Universit\u00e0 di Basilicata. Il dato singolare \u2013ha aggiunto- \u00e8 che molti hanno idee innovative che stiamo provando a mettere in campo e che consideriamo una vera risorsa per la nostra regione. Una concreta possibilit\u00e0 che si interrompa la cosiddetta \u201cfuga di cervelli\u201d.<\/p>\n","protected":false},"excerpt":{"rendered":"<p>Una audizione molto interessante e proficua \u00e8 stata definita dal Presidente della V Commissione Consiliare Permanente Sebastiano Papa quella del responsabile di Sviluppo Basilicata Raffaele &#8230; <\/p>\n","protected":false},"author":1,"featured_media":0,"comment_status":"closed","ping_status":"closed","sticky":false,"template":"single-sidebar.php","format":"standard","meta":{"footnotes":""},"categories":[63],"tags":[],"class_list":["post-5658","post","type-post","status-publish","format-standard","hentry","category-news"],"_links":{"self":[{"href":"https:\/\/archivio.comune.potenza.it\/index.php?rest_route=\/wp\/v2\/posts\/5658"}],"collection":[{"href":"https:\/\/archivio.comune.potenza.it\/index.php?rest_route=\/wp\/v2\/posts"}],"about":[{"href":"https:\/\/archivio.comune.potenza.it\/index.php?rest_route=\/wp\/v2\/types\/post"}],"author":[{"embeddable":true,"href":"https:\/\/archivio.comune.potenza.it\/index.php?rest_route=\/wp\/v2\/users\/1"}],"replies":[{"embeddable":true,"href":"https:\/\/archivio.comune.potenza.it\/index.php?rest_route=%2Fwp%2Fv2%2Fcomments&post=5658"}],"version-history":[{"count":0,"href":"https:\/\/archivio.comune.potenza.it\/index.php?rest_route=\/wp\/v2\/posts\/5658\/revisions"}],"wp:attachment":[{"href":"https:\/\/archivio.comune.potenza.it\/index.php?rest_route=%2Fwp%2Fv2%2Fmedia&parent=5658"}],"wp:term":[{"taxonomy":"category","embeddable":true,"href":"https:\/\/archivio.comune.potenza.it\/index.php?rest_route=%2Fwp%2Fv2%2Fcategories&post=5658"},{"taxonomy":"post_tag","embeddable":true,"href":"https:\/\/archivio.comune.potenza.it\/index.php?rest_route=%2Fwp%2Fv2%2Ftags&post=5658"}],"curies":[{"name":"wp","href":"https:\/\/api.w.org\/{rel}","templated":true}]}}