{"id":5664,"date":"2012-09-02T23:59:00","date_gmt":"2012-09-02T21:59:00","guid":{"rendered":"http:\/\/archivio.comune.potenza.it\/comune_wp\/?p=5664"},"modified":"2012-09-02T23:59:00","modified_gmt":"2012-09-02T21:59:00","slug":"festival-nazionale-delle-mamme-e-dei-bambini","status":"publish","type":"post","link":"https:\/\/archivio.comune.potenza.it\/?p=5664","title":{"rendered":"Festival nazionale \u201cdelle mamme e dei bambini\u201d"},"content":{"rendered":"<p style=\"text-align: justify;\"><strong><img decoding=\"async\" src=\"images\/multimediali_new\/eventi-e-manifestazioni\/2012\/07\/maiella.jpg\" border=\"0\" style=\"margin: 10px; float: left; border-width: 0px;\" \/>2a edizione del Concorso canoro e strumentale <\/strong>riservata alle mamme e ai bambini fino a 14 anni ed esteso ai devoti di San Gerardo nel mondo.<\/p>\n<p style=\"text-align: justify;\">Promosso dal \u00a0Comitato Organizzativo Regionale \u201cSAN GERARDO MAIELLA\u201d (Patrono della Basilicata e protettore delle mamme gestanti e dei bambini)<\/p>\n<p><strong>Iscrizione gratuita entro il 19 agosto 2012<\/strong><\/p>\n<p><a href=\"http:\/\/www.festivalmammebambini.org\">www.festivalmammebambini.org<\/a><\/p>\n<p>La manifestazione conclusiva si svolger\u00e0 il <strong>2 settembre\u00a0 2012\u00a0<\/strong>a Muro Lucano (PZ)<\/p>\n<p>  <!--more-->  <\/p>\n<p style=\"text-align: justify;\">Il concorso \u00e8 suddiviso in due sezioni:<\/p>\n<ul style=\"text-align: justify;\">\n<li>prima sezione: esibizione di CANTO di mamma in coppia con figlio\/a di et\u00e0 sino a 14 anni. Lle canzoni potranno essere edite o inedite\u00a0<\/li>\n<li>seconda sezione: esibizione STRUMENTALE di mamma in coppia con figlio\/a di et\u00e0 sino a 14 anni. saranno ammesse anche esibizioni miste (mamma con strumento + figlio\/a cantante, o viceversa)<\/li>\n<\/ul>\n<p style=\"text-align: justify;\"><strong>Premi<\/strong><\/p>\n<p style=\"text-align: justify;\">Alle mamme vincitrici di ognuna delle due sezioni del concorso, andr\u00e0 una borsa di studio di \u20ac 1.000,00 ovvero un finanziamento allo studio per i propri figli.<\/p>\n<p style=\"text-align: justify;\">Ai secondi classificati, l\u2019Agenzia di Promozione Territoriale di Basilicata offrir\u00e0 un soggiorno di 2 notti, con trattamento di Pensione Completa esteso a max 4 componenti del nucleo familiare, in una localit\u00e0 turistica lucana.<\/p>\n<p style=\"text-align: justify;\">A tutti i finalisti sar\u00e0 consegnato un attestato di partecipazione con medaglia commemorativa e successivamente il Dvd della manifestazione.<\/p>\n<p style=\"text-align: justify;\">L\u2019iscrizione al Concorso \u00e8 gratuita.<\/p>\n<p style=\"text-align: justify;\">La domanda di partecipazione, dovr\u00e0 pervenire entro il 19 AGOSTO 2012.<\/p>\n<p style=\"text-align: justify;\">La giuria sar\u00e0 composta da artisti lucani tra i pi\u00f9 rappresentativi, dal Direttore Artistico, dal Presidente del Festival, dal Presidente della Regione Basilicata, dal Sindaco di Muro Lucano e dal Presidente dell\u2019Ateneo Musica<\/p>\n<p style=\"text-align: justify;\">Basilicata. Giudicher\u00e0, sia l&#8217;ammissione tra i partecipanti, che i 3 vincitori, per ogni sezione, nella serata finale.<\/p>\n<p style=\"text-align: justify;\">Il fine del concorso \u00e8 di promuovere attraverso la musica i valori della famiglia, la promozione e la qualit\u00e0 della vita, il valore supremo di ogni civilt\u00e0 umana, nonch\u00e9 la difesa \u201cdell\u2019infanzia negata\u201d e la tutela delle mamme gestanti.<\/p>\n<p style=\"text-align: justify;\">I concorrenti della sezione &#8220;canto&#8221;, saranno diretti da un\u2019orchestra composta da musicisti professionisti.<\/p>\n<p style=\"text-align: justify;\">Radio e TV private,\u00a0 pubblicizzeranno e riprenderanno la serata finale.<\/p>\n<p style=\"text-align: justify;\">La RAI fornir\u00e0 supporto informativo.<\/p>\n<p style=\"text-align: justify;\">Per qualificare ulteriormente la propria attivit\u00e0 di formazione artistica, il Comitato Organizzativo ha attivato rapporti di collaborazione con lavoratori dello spettacolo ed ha definito un progetto per la costituzione di un Laboratorio di musica ed attivit\u00e0 di formazione.<\/p>\n<p style=\"text-align: justify;\">In concomitanza con il Festival, saranno organizzati appuntamenti ricreativi e culturali con visite guidate nei luoghi pi\u00f9 suggestivi e significativi che rappresentano la storia di Muro Lucano,\u00a0 citt\u00e0 natale di San Gerardo Maiella.<\/p>\n<p style=\"text-align: justify;\">I devoti di San Gerardo nel mondo potranno vedere la finale in diretta streaming collegandosi sul sito del festival www.festivalmammebambini.org a partire dalle 20:30 (ora italiana)<\/p>\n","protected":false},"excerpt":{"rendered":"<p>2a edizione del Concorso canoro e strumentale riservata alle mamme e ai bambini fino a 14 anni ed esteso ai devoti di San Gerardo nel &#8230; <\/p>\n","protected":false},"author":1,"featured_media":0,"comment_status":"closed","ping_status":"closed","sticky":false,"template":"single-sidebar.php","format":"standard","meta":{"footnotes":""},"categories":[83],"tags":[],"class_list":["post-5664","post","type-post","status-publish","format-standard","hentry","category-c252-archivio-eventi14-252"],"_links":{"self":[{"href":"https:\/\/archivio.comune.potenza.it\/index.php?rest_route=\/wp\/v2\/posts\/5664"}],"collection":[{"href":"https:\/\/archivio.comune.potenza.it\/index.php?rest_route=\/wp\/v2\/posts"}],"about":[{"href":"https:\/\/archivio.comune.potenza.it\/index.php?rest_route=\/wp\/v2\/types\/post"}],"author":[{"embeddable":true,"href":"https:\/\/archivio.comune.potenza.it\/index.php?rest_route=\/wp\/v2\/users\/1"}],"replies":[{"embeddable":true,"href":"https:\/\/archivio.comune.potenza.it\/index.php?rest_route=%2Fwp%2Fv2%2Fcomments&post=5664"}],"version-history":[{"count":0,"href":"https:\/\/archivio.comune.potenza.it\/index.php?rest_route=\/wp\/v2\/posts\/5664\/revisions"}],"wp:attachment":[{"href":"https:\/\/archivio.comune.potenza.it\/index.php?rest_route=%2Fwp%2Fv2%2Fmedia&parent=5664"}],"wp:term":[{"taxonomy":"category","embeddable":true,"href":"https:\/\/archivio.comune.potenza.it\/index.php?rest_route=%2Fwp%2Fv2%2Fcategories&post=5664"},{"taxonomy":"post_tag","embeddable":true,"href":"https:\/\/archivio.comune.potenza.it\/index.php?rest_route=%2Fwp%2Fv2%2Ftags&post=5664"}],"curies":[{"name":"wp","href":"https:\/\/api.w.org\/{rel}","templated":true}]}}