{"id":5672,"date":"2012-07-27T15:15:51","date_gmt":"2012-07-27T13:15:51","guid":{"rendered":"http:\/\/archivio.comune.potenza.it\/comune_wp\/?p=5672"},"modified":"2012-07-27T15:15:51","modified_gmt":"2012-07-27T13:15:51","slug":"sottoscritto-piano-azione-mobilita","status":"publish","type":"post","link":"https:\/\/archivio.comune.potenza.it\/?p=5672","title":{"rendered":"Sottoscritto Piano azione Mobilit\u00e0"},"content":{"rendered":"<p style=\"text-align: justify;\"><img decoding=\"async\" src=\"images\/phocagallery\/mobilit.jpg\" border=\"0\" style=\"float: left; margin: 10px;\" \/>Rendere pi\u00f9 fluido il traffico cittadino e contrastare l\u2019aumento dell\u2019inquinamento orientando i cittadini verso un sistema alternativo di gestione dei propri spostamenti all\u2019interno della citt\u00e0, incentivare l\u2019abbandono delle automobili a vantaggio del trasporto pubblico e nel rispetto dell\u2019ambiente. In quest\u2019ottica e definendo aspetti metodologici e sostanziali legati al processo di capitalizzazione di esperienze tratte da altre regioni europee, \u00e8 stato sottoscritto nella mattinata di oggi presso la Sala consiliare del Centro Direzionale della Mobilit\u00e0 a Potenza il Piano di Azione Regionale sulla mobilit\u00e0 fra la Regione Basilicata e il Comune di Potenza. Si tratta di un documento di indirizzo che fissa aspetti sostanziali da includere nelle procedure e nelle azioni che il Centro della mobilit\u00e0 del capoluogo di regione andr\u00e0 ad attuare integrando aspetti infrastrutturali e gestionali e orientandosi verso un sistema pienamente integrato tra autobus, collegamenti meccanizzati, sistema dei parcheggi, gestione controllata degli accessi al centro storico.<br \/> Il Piano nasce da un intenso lavoro di cooperazione, partito nel 2011, con l\u2019adozione da parte del Dipartimento regionale Infrastrutture, Opere Pubbliche e Mobilit\u00e0 del progetto di cooperazione transnazionale \u201cPimms Capital\u201d che mette insieme 16 partners europei per far fronte al problema comune di individuare un sistema di mobilit\u00e0 urbana ed extraurbana sostenibile.<br \/> L\u2019iniziativa ha coinvolto, all\u2019interno del processo di importazione di buone pratiche individuate in ambito europeo nel settore del Mobility Management, anche il Comune di Potenza.<br \/> La Regione infatti aveva individuato nel progetto sulla \u201cInfomobilit\u00e0\u201d del Capoluogo il contesto adeguato per trasferire le esperienze applicate con notevole successo sui territori di Stoccolma (Svezia), West Midles (Inghilterra) e della Slesia-Moravia. Il Piano di Azione regionale individua otto focus che afferiscono al dominio del \u201cMobility Management\u201d e rappresentano azioni soft (quindi non infrastrutture) che includono il monitoraggio della domanda, la comunicazione con l\u2019utenza, l\u2019incentivazione dell\u2019uso del trasporto pubblico, la ricognizione del grado di soddisfazione del passeggero.\u201cSiamo orgogliosi \u2013ha detto il Sindaco <strong>Vito Santarsiero<\/strong>&#8211; che il piano della mobilit\u00e0 del Comune di Potenza ed il progetto Infomobilit\u00e0 in particolare siano riconosciuti buone pratiche selezionate e riconosciute a livello Europeo. E&#8217; il punto di arrivo di un lungo cammino di programmazione integrata che ha consentito di accedere a pi\u00f9 canali di finanziamento per avviare importanti opere e servizi destinati a modificare profondamente la mobilit\u00e0 cittadina.\u00a0 Apprezziamo &#8211; ha aggiunto &#8211;\u00a0lo sforzo della Regione Basilicata di attenzione e sostegno a tale programmazione nonch\u00e8 quello di definizione di un piano d&#8217;azione regionale destinato a rafforzare il sistema complessivo della mobilit\u00e0&#8221;.Per l\u2019assessore alle Infrastrutture della Regione Basilicata <strong>Agatino Mancusi<\/strong> \u201cil lavoro di cooperazione che \u00e8 stato avviato con il Comune di Potenza dimostra ancora una volta la capacit\u00e0 della Basilicata di progettare e gestire interventi unitari cogliendo i vantaggi offerti dal lavoro in partenariato con altre istituzioni nazionali per cercare soluzioni condivise nei territori europei. Confrontare il contesto del progetto Info-mobilit\u00e0 con le altre esperienze europee &#8211; ha aggiunto &#8211; potrebbe contribuire a migliorare sensibilmente il livello del trasporto pubblico integrato nella citt\u00e0 di Potenza che, a seguito dell&#8217;accresciuta dipendenza dal mezzo di trasporto individuale ha manifestato la necessit\u00e0 di affiancare alla programmazione e realizzazione di nuove infrastrutture la definizione di interventi alternativi per la mobilit\u00e0 urbana e regionale\u201d. \u201cIl Piano d&#8217; azione relativo al progetto, che andiamo a sottoscrivere oggi &#8211; ha affermato l\u2019Autorit\u00e0 di Gestione del Po Fesr Basilicata 2007\/2013, <strong>Patrizia Minardi<\/strong> &#8211; \u00e8 il secondo che la Regione promuove e che l&#8217; Autorit\u00e0 di Gestione sostiene nell&#8217;ambito del Po Fesr, dopo quello sottoscritto per il progetto Immodi sui servizi telematici per la Sanit\u00e0. La strada della cooperazione internazionale ed interregionale per l&#8217;innovazione nella progettazione e gestione dei fondi strutturali ci permette di guardare alla conoscenza e alle buone pratiche come \u2018patrimonio pubblico\u2019 in un&#8217;ottica di \u2018capitalizzazione\u2019 verso un percorso che va dritto alla programmazione 2014-2020\u201d.\u00a0<\/p>\n","protected":false},"excerpt":{"rendered":"<p>Rendere pi\u00f9 fluido il traffico cittadino e contrastare l\u2019aumento dell\u2019inquinamento orientando i cittadini verso un sistema alternativo di gestione dei propri spostamenti all\u2019interno della citt\u00e0, &#8230; <\/p>\n","protected":false},"author":1,"featured_media":0,"comment_status":"closed","ping_status":"closed","sticky":false,"template":"single-sidebar.php","format":"standard","meta":{"footnotes":""},"categories":[63],"tags":[],"class_list":["post-5672","post","type-post","status-publish","format-standard","hentry","category-news"],"_links":{"self":[{"href":"https:\/\/archivio.comune.potenza.it\/index.php?rest_route=\/wp\/v2\/posts\/5672"}],"collection":[{"href":"https:\/\/archivio.comune.potenza.it\/index.php?rest_route=\/wp\/v2\/posts"}],"about":[{"href":"https:\/\/archivio.comune.potenza.it\/index.php?rest_route=\/wp\/v2\/types\/post"}],"author":[{"embeddable":true,"href":"https:\/\/archivio.comune.potenza.it\/index.php?rest_route=\/wp\/v2\/users\/1"}],"replies":[{"embeddable":true,"href":"https:\/\/archivio.comune.potenza.it\/index.php?rest_route=%2Fwp%2Fv2%2Fcomments&post=5672"}],"version-history":[{"count":0,"href":"https:\/\/archivio.comune.potenza.it\/index.php?rest_route=\/wp\/v2\/posts\/5672\/revisions"}],"wp:attachment":[{"href":"https:\/\/archivio.comune.potenza.it\/index.php?rest_route=%2Fwp%2Fv2%2Fmedia&parent=5672"}],"wp:term":[{"taxonomy":"category","embeddable":true,"href":"https:\/\/archivio.comune.potenza.it\/index.php?rest_route=%2Fwp%2Fv2%2Fcategories&post=5672"},{"taxonomy":"post_tag","embeddable":true,"href":"https:\/\/archivio.comune.potenza.it\/index.php?rest_route=%2Fwp%2Fv2%2Ftags&post=5672"}],"curies":[{"name":"wp","href":"https:\/\/api.w.org\/{rel}","templated":true}]}}