{"id":5694,"date":"2012-08-02T10:03:35","date_gmt":"2012-08-02T08:03:35","guid":{"rendered":"http:\/\/archivio.comune.potenza.it\/comune_wp\/?p=5694"},"modified":"2012-08-02T10:03:35","modified_gmt":"2012-08-02T08:03:35","slug":"viabilita-via-dei-mille-mitro-si-complimenta-con-il-sindaco-e-l-assessore-pesarini","status":"publish","type":"post","link":"https:\/\/archivio.comune.potenza.it\/?p=5694","title":{"rendered":"Viabilit\u00e0 via dei Mille: Mitro si complimenta con il Sindaco e l\u2019assessore Pesarini"},"content":{"rendered":"<p>Grande soddisfazione \u00e8 stata espressa dal consigliere del gruppo misto Vito Mitro per gli impegni assunti e portati a compimento, con celerit\u00e0 ed efficacia, in tema di viabilit\u00e0 dalla giunta, grazie all\u2019attenzione dimostrata dal sindaco Vito Santarsiero e dell\u2019assessore competente Antonio Pesarini. \u201cMi riferisco in particolare alla questione \u2018via dei Mille\u2019 laddove si \u00e8 intervenuti su diversi fronti. Si tratta di una zona di importanza vitale per l\u2019intero capoluogo e per il suo hinterland atteso che oltre a interessare centinaia di residenti, riguarda anche le migliaia di automobilisti che quotidianamente transitano e i numerosissimi frequentatori dell\u2019Agenzia delle Entrate, sia come lavoratori che come utenti. Si \u00e8 proceduto ad asfaltare un ampio tratto della carreggiata favorendo in primis la sicurezza dei cittadini, sia automobilisti, sia pedoni, e contestualmente garantendo anche un miglior decoro all\u2019intera arteria viaria. Per il futuro si auspica che si continui a mantenere alta l\u2019attenzione sull\u2019area, cos\u00ec che anche nella prossima stagione invernale si possano evitare quei problemi legati alla regimentazione delle acque meteoriche, che spesso danno luogo a parziali allagamenti. A questo proposito ritengo si debba procedere alla pulizia del canale e alla manutenzione del verde che si trova nei pressi del canale medesimo\u201d conclude Mitro.<\/p>\n","protected":false},"excerpt":{"rendered":"<p>Grande soddisfazione \u00e8 stata espressa dal consigliere del gruppo misto Vito Mitro per gli impegni assunti e portati a compimento, con celerit\u00e0 ed efficacia, in &#8230; <\/p>\n","protected":false},"author":1,"featured_media":0,"comment_status":"closed","ping_status":"closed","sticky":false,"template":"single-sidebar.php","format":"standard","meta":{"footnotes":""},"categories":[63],"tags":[],"class_list":["post-5694","post","type-post","status-publish","format-standard","hentry","category-news"],"_links":{"self":[{"href":"https:\/\/archivio.comune.potenza.it\/index.php?rest_route=\/wp\/v2\/posts\/5694"}],"collection":[{"href":"https:\/\/archivio.comune.potenza.it\/index.php?rest_route=\/wp\/v2\/posts"}],"about":[{"href":"https:\/\/archivio.comune.potenza.it\/index.php?rest_route=\/wp\/v2\/types\/post"}],"author":[{"embeddable":true,"href":"https:\/\/archivio.comune.potenza.it\/index.php?rest_route=\/wp\/v2\/users\/1"}],"replies":[{"embeddable":true,"href":"https:\/\/archivio.comune.potenza.it\/index.php?rest_route=%2Fwp%2Fv2%2Fcomments&post=5694"}],"version-history":[{"count":0,"href":"https:\/\/archivio.comune.potenza.it\/index.php?rest_route=\/wp\/v2\/posts\/5694\/revisions"}],"wp:attachment":[{"href":"https:\/\/archivio.comune.potenza.it\/index.php?rest_route=%2Fwp%2Fv2%2Fmedia&parent=5694"}],"wp:term":[{"taxonomy":"category","embeddable":true,"href":"https:\/\/archivio.comune.potenza.it\/index.php?rest_route=%2Fwp%2Fv2%2Fcategories&post=5694"},{"taxonomy":"post_tag","embeddable":true,"href":"https:\/\/archivio.comune.potenza.it\/index.php?rest_route=%2Fwp%2Fv2%2Ftags&post=5694"}],"curies":[{"name":"wp","href":"https:\/\/api.w.org\/{rel}","templated":true}]}}