{"id":5699,"date":"2012-08-03T10:46:30","date_gmt":"2012-08-03T08:46:30","guid":{"rendered":"http:\/\/archivio.comune.potenza.it\/comune_wp\/?p=5699"},"modified":"2012-08-03T10:46:30","modified_gmt":"2012-08-03T08:46:30","slug":"carretta-pd-su-pano-azione-regionale-sulla-mobilita","status":"publish","type":"post","link":"https:\/\/archivio.comune.potenza.it\/?p=5699","title":{"rendered":"Carretta (Pd) su piano azione regionale sulla mobilit\u00e0"},"content":{"rendered":"<p style=\"text-align: justify;\">&#8220;Una citt\u00e0 con un ambizioso progetto di crescita, come Potenza, non pu\u00f2 non mettere ai primi posti dei suoi programmi quello sul trasporto pubblico.\u00c8 stato infatti sottoscritto nei giorni scorsi il Piano di Azione Regionale sulla mobilit\u00e0 tra la Regione Basilicata e il Comune di Potenza, con il quale si punter\u00e0 ad un sistema totalmente integrato tra servizio su gomma, scale mobili, ascensori e parcheggi, la cui gestione, in proroga alla Cotrab, \u00e8 in attesa della gara di appalto che garantir\u00e0 per nove anni il servizio, attraverso l\u2019azienda vincitrice.&#8221; Cos\u00ec il capogruppo del Pd, Gianpaolo Carretta per il quale &#8220;naturalmente ci\u00f2 su cui si punta maggiormente sar\u00e0 incentivare l\u2019uso dei mezzi pubblici, prima tra tutti la linea metropolitana di superficie che cambier\u00e0 totalmente il volto dei trasporti della citt\u00e0 di Potenza: 5 chilometri di linea ferrata gi\u00e0 esistente, quella della rete Fal, che va soltanto riconvertita attraverso alcuni significativi interventi, quali lo sdoppiamento del binario che render\u00e0 indipendente il tracciato della FAL da quello di RFI, l\u2019eliminazione dei due passaggi a livello di via Calabria e via Angilla Vecchia e l\u2019aggiunta di altre stazioni della metro che si sommeranno alle 7 gi\u00e0 funzionanti, di cui 2 diventeranno Terminal, uno, a nord, nei pressi dell\u2019Ospedale San Carlo, l\u2019altro, a sud, nella zona di Gallitello, che si appresteranno a diventare le porte della citt\u00e0, ossia aree di interscambio tra trasporto privato e trasporto pubblico urbano.\u00a0Il Piano &#8211; continua- prende spunto da metodologie presenti in altri paesi europei, primi tra tutti la Repubblica Ceca, la Svezia e l\u2019Inghilterra, che fanno parte del progetto di cooperazione transnazionale \u201cPimms Capital\u201d, il cui scopo comune \u00e8 quello di individuare un sistema di mobilit\u00e0 urbana ed extraurbana sostenibile.<br \/>Il trasporto pubblico urbano integrato, fatto di autobus, scale mobili e metropolitana, &#8211; aggiunge- avr\u00e0 la sua \u201ccabina di regia\u201d nel Centro Direzionale della Mobilit\u00e0, che gestir\u00e0 tutto il sistema della mobilit\u00e0, con attivit\u00e0 di monitoraggio del traffico, dalla ZTL, alle aree di parcheggio, agli itinerari degli autobus e gestir\u00e0 otto punti dell\u2019Infomobilit\u00e0, che forniranno informazioni ai passeggeri e valuteranno anche il loro grado di soddisfazione.<br \/>Si auspica, dunque, &#8211; conclude- che un settore come quello del trasporto pubblico goda sempre della dovuta priorit\u00e0, in quanto perno del funzionamento dell\u2019intera citt\u00e0, e del dovuto sostegno finanziario, che, ricordiamo, in base alla Legge Regionale n.22 del 1998, \u00e8 di competenza della Regione Basilicata e che venga sempre pi\u00f9 incentivato l\u2019abbandono delle auto private da parte dei cittadini, visto il continuo aumento della benzina, a favore di uno snellimento e diminuzione del traffico che solo il trasporto pubblico, per di pi\u00f9 ecosostenibile, potrebbe garantire.&#8221;<\/p>\n<p style=\"text-align: justify;\">\u00a0<\/p>\n<p>\u00a0<\/p>\n<p>\u00a0<\/p>\n<p>\u00a0 \u00a0 \u00a0 \u00a0 \u00a0 \u00a0 \u00a0 \u00a0 \u00a0 \u00a0 \u00a0 \u00a0 \u00a0 \u00a0 \u00a0 \u00a0 \u00a0 \u00a0 \u00a0 \u00a0 \u00a0 \u00a0 \u00a0 \u00a0 \u00a0 \u00a0 \u00a0 \u00a0 \u00a0 \u00a0 \u00a0 \u00a0 \u00a0 \u00a0 \u00a0 \u00a0 \u00a0 \u00a0 \u00a0 \u00a0 \u00a0 \u00a0 \u00a0 \u00a0\u00a0<\/p>\n","protected":false},"excerpt":{"rendered":"<p>&#8220;Una citt\u00e0 con un ambizioso progetto di crescita, come Potenza, non pu\u00f2 non mettere ai primi posti dei suoi programmi quello sul trasporto pubblico.\u00c8 stato &#8230; <\/p>\n","protected":false},"author":1,"featured_media":0,"comment_status":"closed","ping_status":"closed","sticky":false,"template":"single-sidebar.php","format":"standard","meta":{"footnotes":""},"categories":[63],"tags":[],"class_list":["post-5699","post","type-post","status-publish","format-standard","hentry","category-news"],"_links":{"self":[{"href":"https:\/\/archivio.comune.potenza.it\/index.php?rest_route=\/wp\/v2\/posts\/5699"}],"collection":[{"href":"https:\/\/archivio.comune.potenza.it\/index.php?rest_route=\/wp\/v2\/posts"}],"about":[{"href":"https:\/\/archivio.comune.potenza.it\/index.php?rest_route=\/wp\/v2\/types\/post"}],"author":[{"embeddable":true,"href":"https:\/\/archivio.comune.potenza.it\/index.php?rest_route=\/wp\/v2\/users\/1"}],"replies":[{"embeddable":true,"href":"https:\/\/archivio.comune.potenza.it\/index.php?rest_route=%2Fwp%2Fv2%2Fcomments&post=5699"}],"version-history":[{"count":0,"href":"https:\/\/archivio.comune.potenza.it\/index.php?rest_route=\/wp\/v2\/posts\/5699\/revisions"}],"wp:attachment":[{"href":"https:\/\/archivio.comune.potenza.it\/index.php?rest_route=%2Fwp%2Fv2%2Fmedia&parent=5699"}],"wp:term":[{"taxonomy":"category","embeddable":true,"href":"https:\/\/archivio.comune.potenza.it\/index.php?rest_route=%2Fwp%2Fv2%2Fcategories&post=5699"},{"taxonomy":"post_tag","embeddable":true,"href":"https:\/\/archivio.comune.potenza.it\/index.php?rest_route=%2Fwp%2Fv2%2Ftags&post=5699"}],"curies":[{"name":"wp","href":"https:\/\/api.w.org\/{rel}","templated":true}]}}