{"id":5715,"date":"2012-08-07T21:00:00","date_gmt":"2012-08-07T19:00:00","guid":{"rendered":"http:\/\/archivio.comune.potenza.it\/comune_wp\/?p=5715"},"modified":"2012-08-07T21:00:00","modified_gmt":"2012-08-07T19:00:00","slug":"gocce-d-autore-estate-7-agosto","status":"publish","type":"post","link":"https:\/\/archivio.comune.potenza.it\/?p=5715","title":{"rendered":"Gocce d&#8217;autore- estate 2012"},"content":{"rendered":"<p><img decoding=\"async\" src=\"images\/multimediali_new\/eventi-e-manifestazioni\/2012\/07\/gocce%20estate.gif\" border=\"0\" style=\"border: 0; float: left; margin: 10px;\" \/><\/p>\n<p><strong>&#8220;h&#8221;\u00a0Romanzo storico di Paolo Cioffi <\/strong><\/p>\n<p>7 agosto 2012, ore 19.30<\/p>\n<p>Potenza, Chiostro San Michele &#8211; Centro storico<\/p>\n<p>  <!--more-->  <\/p>\n<p style=\"text-align: justify;\">La Milano del primissimo novecento \u00e8 la protagonista del nuovo appuntamento di Gocce d&#8217;autore estate 2012, che si terr\u00e0 marted\u00ec 7 agosto alle 19,30 nel chiostro della chiesa di San Michele Arcangelo a Potenza. Paolo Cioffi, l&#8217;autore di <em>h,<\/em> il titolo dell&#8217;opera narrativa edita da Albatros, racconta le alterne vicissitudini dei protagonisti Giuditta, Bernardo e Giuseppe, che tra battaglie politiche, la frequenza del Conservatorio di musica, le opere liriche al teatro alla Scala e i corsi al Poltecnico, incrociano i propri destini per ritrovarsi nella Francia della <em>belle \u00e8poque, <\/em>all&#8217;indomani del regicidio di Umberto I<em>. <\/p>\n<p><\/em>Piccole storie che entrano nella grande storia, secondo una trama che affascina e rapisce. Un affresco puntuale e vivido del panorama storico-culturale degli albori del XX secolo, tracciato dall&#8217;autore con una prosa sinuosa, non aliena da precise digressioni tecniche ma rapida e incalzante nel rendere il senso del precipitare degli eventi.<\/p>\n<p style=\"text-align: justify;\">L&#8217;incontro con lo scrittore, autore di altri tre romanzi <em>I numeri del cavaliere <\/em>(Edizioni Interculturali, 2002); <em>Omphal\u00f2s <\/em>(Albatros Il Filo, 2007 &#8211; Premio selezione Anguillara Sabazia 2008 e secondo classificato al Premio Citt\u00e0 di Pompei 2008); <em>La Croce e la Qibla <\/em>(Kimerik, 2010 &#8211; primo classificato al Premio Associazione Chiese Storiche, Palermo 2011), sar\u00e0 moderato da Eva Bonitatibus e intervallato dalla musica eseguita dal vivo al pianoforte da Toni De Giorgi.<\/p>\n<p style=\"text-align: justify;\">La presentazione del romanzo storico di Cioffi rientra nella rassegna organizzata dall&#8217;associazione musicale Tumbao in collaborazione con l&#8217;Ufficio cultura del Comune di Potenza e la libreria Ubik del capoluogo.<\/p>\n<p><BR><A HREF =\"attachments\/article\/6423\/Gocce-agostto.gif\" title=\"Gocce-agostto.gif\" target=\"_blank\" >Gocce-agostto.gif<\/A><BR><A HREF =\"attachments\/article\/6423\/Cover Cioffi.JPG\" title=\"Cover Cioffi.JPG\" target=\"_blank\" >Cover Cioffi.JPG<\/A><\/p>\n","protected":false},"excerpt":{"rendered":"<p>&#8220;h&#8221;\u00a0Romanzo storico di Paolo Cioffi 7 agosto 2012, ore 19.30 Potenza, Chiostro San Michele &#8211; Centro storico<\/p>\n","protected":false},"author":1,"featured_media":0,"comment_status":"closed","ping_status":"closed","sticky":false,"template":"single-sidebar.php","format":"standard","meta":{"footnotes":""},"categories":[83],"tags":[],"class_list":["post-5715","post","type-post","status-publish","format-standard","hentry","category-c252-archivio-eventi14-252"],"_links":{"self":[{"href":"https:\/\/archivio.comune.potenza.it\/index.php?rest_route=\/wp\/v2\/posts\/5715"}],"collection":[{"href":"https:\/\/archivio.comune.potenza.it\/index.php?rest_route=\/wp\/v2\/posts"}],"about":[{"href":"https:\/\/archivio.comune.potenza.it\/index.php?rest_route=\/wp\/v2\/types\/post"}],"author":[{"embeddable":true,"href":"https:\/\/archivio.comune.potenza.it\/index.php?rest_route=\/wp\/v2\/users\/1"}],"replies":[{"embeddable":true,"href":"https:\/\/archivio.comune.potenza.it\/index.php?rest_route=%2Fwp%2Fv2%2Fcomments&post=5715"}],"version-history":[{"count":0,"href":"https:\/\/archivio.comune.potenza.it\/index.php?rest_route=\/wp\/v2\/posts\/5715\/revisions"}],"wp:attachment":[{"href":"https:\/\/archivio.comune.potenza.it\/index.php?rest_route=%2Fwp%2Fv2%2Fmedia&parent=5715"}],"wp:term":[{"taxonomy":"category","embeddable":true,"href":"https:\/\/archivio.comune.potenza.it\/index.php?rest_route=%2Fwp%2Fv2%2Fcategories&post=5715"},{"taxonomy":"post_tag","embeddable":true,"href":"https:\/\/archivio.comune.potenza.it\/index.php?rest_route=%2Fwp%2Fv2%2Ftags&post=5715"}],"curies":[{"name":"wp","href":"https:\/\/api.w.org\/{rel}","templated":true}]}}