{"id":5732,"date":"2012-08-07T10:29:42","date_gmt":"2012-08-07T08:29:42","guid":{"rendered":"http:\/\/archivio.comune.potenza.it\/comune_wp\/?p=5732"},"modified":"2012-08-07T10:29:42","modified_gmt":"2012-08-07T08:29:42","slug":"il-sindaco-di-potenza-prende-corpo-la-strategia-potenza-2020","status":"publish","type":"post","link":"https:\/\/archivio.comune.potenza.it\/?p=5732","title":{"rendered":"Il Sindaco: Prende corpo la strategia \u2018Potenza 2020\u2019"},"content":{"rendered":"<p><img loading=\"lazy\" decoding=\"async\" src=\"images\/dsc_0025.jpg\" border=\"0\" width=\"267\" height=\"200\" style=\"margin: 10px; float: left;\" \/><\/p>\n<p>\u201cL\u2019intesa istituzionale tra la Regione e i Comuni di Potenza e Matera ci consente di cogliere un obiettivo di grande portata e rilevanza. Ringrazio il presidente De Filippo per la puntuale conferma di quanto sottoscritto lo scorso 28 giugno\u201d; cos\u00ec il Sindaco di Potenza Vito Santarsiero sul Piano di Sviluppo e Coesione del Capoluogo.<\/p>\n<p>\u201cI 26 milioni di euro di fondi per il Piano di Sviluppo e Coesione della citt\u00e0 di Potenza \u2013 prosegue Santarsiero \u2013 consentiranno di poter attuare e implementare l\u2019intero programma Pisus gi\u00e0 avviato e dare cos\u00ec corpo alla strategia di sviluppo definita nel documento \u2018Potenza 2020\u2019 approvato in Consiglio comunale.<\/p>\n<p>\u2018Potenza 2020\u2019 definisce le linee di sviluppo della citt\u00e0 sulla base di significativi atti di programmazione, dal Piano Urbano della Mobilit\u00e0 (PUM), al Piano di Esercizio del Trasporto Pubblico Locale (TPL), al Regolamento Urbanistico (RU), al Piano Strutturale Metropolitano (PSM) in fase di definizione, al Piano di Protezione Civile, al Piano dei Servizi Socio Sanitari, al Piano d\u2019Azione per l\u2019Energia Sostenibile (PAES).<\/p>\n<p>Sar\u00e0 cos\u00ec possibile, grazie anche ai fondi FESR (21 milioni di euro) ed ai fondi del Ministero delle Infrastrutture (11 milioni di euro), gi\u00e0 disponibili, intervenire in maniera risolutiva e immediata:<\/p>\n<ul>\n<li>nel settore della mobilit\u00e0 cittadina e metropolitana, con l\u2019obiettivo di ridurre le emissioni di Co<sub>2 <\/sub>e i tempi di percorrenza per i mezzi pubblici e privati;<\/li>\n<li>nella riqualificazione urbana, con in primis il rafforzamento del sistema del \u2018verde pubblico\u2019;<\/li>\n<li>nei regimi di aiuti alle imprese per sostenere la ricerca, l\u2019innovazione, la nascita di nuove imprese \u2018smart\u2019 e \u2018green\u2019, rendendo cos\u00ec il territorio pi\u00f9 attrattivo e competitivo;<\/li>\n<li>nel sociale per offrire nuove scuole, nuove strutture per i giovani e processi di inclusione sociale per le fasce pi\u00f9 deboli.<\/li>\n<\/ul>\n<p>E\u2019 ormai una realt\u00e0 la nuova strategia di crescita e di sviluppo della citt\u00e0, tesa a rendere la nostra comunit\u00e0 e l\u2019intera area metropolitana luogo di eccellenza regionale nel settore della conoscenza e dei servizi avanzati\u201d conclude il Sindaco di Potenza.<\/p>\n","protected":false},"excerpt":{"rendered":"<p>\u201cL\u2019intesa istituzionale tra la Regione e i Comuni di Potenza e Matera ci consente di cogliere un obiettivo di grande portata e rilevanza. Ringrazio il &#8230; <\/p>\n","protected":false},"author":1,"featured_media":0,"comment_status":"closed","ping_status":"closed","sticky":false,"template":"single-sidebar.php","format":"standard","meta":{"footnotes":""},"categories":[63],"tags":[],"class_list":["post-5732","post","type-post","status-publish","format-standard","hentry","category-news"],"_links":{"self":[{"href":"https:\/\/archivio.comune.potenza.it\/index.php?rest_route=\/wp\/v2\/posts\/5732"}],"collection":[{"href":"https:\/\/archivio.comune.potenza.it\/index.php?rest_route=\/wp\/v2\/posts"}],"about":[{"href":"https:\/\/archivio.comune.potenza.it\/index.php?rest_route=\/wp\/v2\/types\/post"}],"author":[{"embeddable":true,"href":"https:\/\/archivio.comune.potenza.it\/index.php?rest_route=\/wp\/v2\/users\/1"}],"replies":[{"embeddable":true,"href":"https:\/\/archivio.comune.potenza.it\/index.php?rest_route=%2Fwp%2Fv2%2Fcomments&post=5732"}],"version-history":[{"count":0,"href":"https:\/\/archivio.comune.potenza.it\/index.php?rest_route=\/wp\/v2\/posts\/5732\/revisions"}],"wp:attachment":[{"href":"https:\/\/archivio.comune.potenza.it\/index.php?rest_route=%2Fwp%2Fv2%2Fmedia&parent=5732"}],"wp:term":[{"taxonomy":"category","embeddable":true,"href":"https:\/\/archivio.comune.potenza.it\/index.php?rest_route=%2Fwp%2Fv2%2Fcategories&post=5732"},{"taxonomy":"post_tag","embeddable":true,"href":"https:\/\/archivio.comune.potenza.it\/index.php?rest_route=%2Fwp%2Fv2%2Ftags&post=5732"}],"curies":[{"name":"wp","href":"https:\/\/api.w.org\/{rel}","templated":true}]}}