{"id":5733,"date":"2012-08-07T14:52:42","date_gmt":"2012-08-07T12:52:42","guid":{"rendered":"http:\/\/archivio.comune.potenza.it\/comune_wp\/?p=5733"},"modified":"2012-08-07T14:52:42","modified_gmt":"2012-08-07T12:52:42","slug":"conferenza-di-servizio-per-i-fuochi-di-san-luca-branca","status":"publish","type":"post","link":"https:\/\/archivio.comune.potenza.it\/?p=5733","title":{"rendered":"Conferenza di servizio per i fuochi di San Luca Branca"},"content":{"rendered":"<p><img loading=\"lazy\" decoding=\"async\" src=\"images\/dscn0002.jpg\" border=\"0\" width=\"267\" height=\"200\" style=\"float: left; margin: 10px;\" \/>\u201cSiamo giunti alla ventiquattresima edizione, dunque, si pu\u00f2 parlare di un\u2019organizzazione ormai \u2018standardizzata\u2019, ma l\u2019obiettivo che ci poniamo \u00e8 quello di compiere ulteriori passi in avanti nei settori della sicurezza, dell\u2019offerta e del confort per le decine di migliaia di visitatori, che affolleranno la contrada di San Luca Branca e le zone del capoluogo a essa limitrofe in occasione della festival pirotecnico\u201d. Cos\u00ec il Sindaco di Potenza Vito Santarsiero nel corso della conferenza di servizio svoltasi nella Sala dell\u2019Arco del Palazzo di Citt\u00e0 in piazza Matteotti. Presenti rappresentanti del 118, del Corpo forestale, della Polizia di Stato, dei Vigili del Fuoco, delle tante associazioni di volontariato che contribuiranno alla realizzazione dell\u2019iniziativa, gli assessori alla Protezione Civile e all\u2019Ambiente, Nicola Lovallo, alla Viabilit\u00e0 Antonio Pesarini, i dirigenti comunali dei settori, Polizia locale, Ambiente, Cultura, i referenti dell\u2019unit\u00e0 di direzione Protezione civile, Viabilit\u00e0, Patrimonio, Ambiente, Commercio, Turismo, Acta, presidente e rappresentanti del Comitato festa. Sabato primo settembre a cominciare dalle 15, sar\u00e0 predisposto un servizio in grado di far sistemare i veicoli lungo la strada d\u2019accesso alla contrada potentina, alle 18 il traffico in ingresso sar\u00e0 fermato e comincer\u00e0 un servizio di navetta istituito da Cotrab, tra la zona industriale di Potenza e la contrada. Tra le novit\u00e0 pi\u00f9 importanti di questa edizione, la possibilit\u00e0 di attrezzare un\u2019apposita area che consenta l\u2019eventuale atterraggio dell\u2019eliambulanza del 118 per soccorsi d\u2019emergenza, la verifica di un\u2019area nella quale consentire alle associazioni di esporre prodotti tipici, per promuovere il \u2018made in Basilicata\u2019, anche attraverso la collaborazione con l\u2019Apt, la possibilit\u00e0 di incrementare la visita, previo rafforzamento del sistema di sicurezza e controllo, all\u2019area nella quale i maestri allestiscono le batterie di fuochi, zona che negli anni precedenti ha destato grande interesse negli appassionati, ma anche tra i neofiti. L\u2019Amministrazione comunale provveder\u00e0 nei prossimi giorni a effettuare interventi tesi a migliorare la viabilit\u00e0 e la percorribilit\u00e0 delle strade nei pressi della contrada.<\/p>\n","protected":false},"excerpt":{"rendered":"<p>\u201cSiamo giunti alla ventiquattresima edizione, dunque, si pu\u00f2 parlare di un\u2019organizzazione ormai \u2018standardizzata\u2019, ma l\u2019obiettivo che ci poniamo \u00e8 quello di compiere ulteriori passi in &#8230; <\/p>\n","protected":false},"author":1,"featured_media":0,"comment_status":"closed","ping_status":"closed","sticky":false,"template":"single-sidebar.php","format":"standard","meta":{"footnotes":""},"categories":[63],"tags":[],"class_list":["post-5733","post","type-post","status-publish","format-standard","hentry","category-news"],"_links":{"self":[{"href":"https:\/\/archivio.comune.potenza.it\/index.php?rest_route=\/wp\/v2\/posts\/5733"}],"collection":[{"href":"https:\/\/archivio.comune.potenza.it\/index.php?rest_route=\/wp\/v2\/posts"}],"about":[{"href":"https:\/\/archivio.comune.potenza.it\/index.php?rest_route=\/wp\/v2\/types\/post"}],"author":[{"embeddable":true,"href":"https:\/\/archivio.comune.potenza.it\/index.php?rest_route=\/wp\/v2\/users\/1"}],"replies":[{"embeddable":true,"href":"https:\/\/archivio.comune.potenza.it\/index.php?rest_route=%2Fwp%2Fv2%2Fcomments&post=5733"}],"version-history":[{"count":0,"href":"https:\/\/archivio.comune.potenza.it\/index.php?rest_route=\/wp\/v2\/posts\/5733\/revisions"}],"wp:attachment":[{"href":"https:\/\/archivio.comune.potenza.it\/index.php?rest_route=%2Fwp%2Fv2%2Fmedia&parent=5733"}],"wp:term":[{"taxonomy":"category","embeddable":true,"href":"https:\/\/archivio.comune.potenza.it\/index.php?rest_route=%2Fwp%2Fv2%2Fcategories&post=5733"},{"taxonomy":"post_tag","embeddable":true,"href":"https:\/\/archivio.comune.potenza.it\/index.php?rest_route=%2Fwp%2Fv2%2Ftags&post=5733"}],"curies":[{"name":"wp","href":"https:\/\/api.w.org\/{rel}","templated":true}]}}