{"id":5752,"date":"2012-08-09T15:31:15","date_gmt":"2012-08-09T13:31:15","guid":{"rendered":"http:\/\/archivio.comune.potenza.it\/comune_wp\/?p=5752"},"modified":"2012-08-09T15:31:15","modified_gmt":"2012-08-09T13:31:15","slug":"becce-pdl-chiede-l-azzeramento-della-giunta","status":"publish","type":"post","link":"https:\/\/archivio.comune.potenza.it\/?p=5752","title":{"rendered":"Becce (Pdl) chiede l&#8217;azzeramento della giunta"},"content":{"rendered":"<p>\u201cSono un consigliere comunale di Potenza \u2013 interviene Nicola Becce (Pdl) &#8211; non mi occupo di politica nella citt\u00e0 di Matera e non conosco personalmente Salvatore Adduce. Questa premessa serve per evitare alcuni equivoci, anche perch\u00e9 le mie posizioni politiche sono all\u2019antitesi di Adduce e le nostre storie politiche non si sono mai incrociate. Per\u00f2 faccio un applauso al sindaco di Matera, persona coraggiosa e onesta intellettualmente, come ha dimostrato diverse volte, ultima la cittadinanza al Dalai Lama. Ha dimostrato grinta nell\u2019azzerare la giunta comunale di Matera, scelta sempre difficile per un Primo cittadino. Anche la Citt\u00e0 di Potenza avrebbe bisogno di una svolta di questo genere, perch\u00e9 l\u2019attuale maggioranza e l\u2019attuale giunta non sono capaci di attuare scelte strategiche. Il sindaco Santarsiero dovrebbe imitare il suo collega &#8211; anche di partito &#8211; e azzerare giunta, riducendo il numero dei componenti, trovare assessori tecnici, ma capaci di poter attuare il suo indirizzo politico e sopratutto trovare un indirizzo politico constatato come non ne abbia.<\/p>\n<p>Il 2014 \u00e8 vicino, Santarsiero non potr\u00e0 essere ricandidato, ma pu\u00f2 almeno lasciare un ricordo positivo dopo questi 8 anni di difficolt\u00e0, soldi sperperati e buchi di bilancio. Lo dovrebbe fare per la sua immagine di uomo pubblico, per il suo futuro politico, ma sopratutto per i suoi concittadini, che oltre ad essere certo \u201camministrati\u201d sono uomini, donne, ragazzi e anziani che hanno diritto di avere una Potenza migliore. Cittadini che hanno diritto di avere servizi adeguati, efficienza burocratica, una citt\u00e0 pulita. Cos\u00ec come ne hanno diritto tutte quelle migliaia di lucani che ogni giorno arrivano a Potenza per lavoro, studio, affari e anche shopping. Quindi egregio sindaco di Potenza, prenda il coraggio a due mani e compia uno strappo, forse far\u00e0 saltare gli equilibri politici, avr\u00e0 critiche per le poltrone che andranno via, sar\u00e0 attaccato anche all\u2019interno del suo Pd, ma dimostrer\u00e0 di essere il sindaco di tutti, compreso di chi non l\u2019ha votato\u201d conclude Becce.<\/p>\n","protected":false},"excerpt":{"rendered":"<p>\u201cSono un consigliere comunale di Potenza \u2013 interviene Nicola Becce (Pdl) &#8211; non mi occupo di politica nella citt\u00e0 di Matera e non conosco personalmente &#8230; <\/p>\n","protected":false},"author":1,"featured_media":0,"comment_status":"closed","ping_status":"closed","sticky":false,"template":"single-sidebar.php","format":"standard","meta":{"footnotes":""},"categories":[63],"tags":[],"class_list":["post-5752","post","type-post","status-publish","format-standard","hentry","category-news"],"_links":{"self":[{"href":"https:\/\/archivio.comune.potenza.it\/index.php?rest_route=\/wp\/v2\/posts\/5752"}],"collection":[{"href":"https:\/\/archivio.comune.potenza.it\/index.php?rest_route=\/wp\/v2\/posts"}],"about":[{"href":"https:\/\/archivio.comune.potenza.it\/index.php?rest_route=\/wp\/v2\/types\/post"}],"author":[{"embeddable":true,"href":"https:\/\/archivio.comune.potenza.it\/index.php?rest_route=\/wp\/v2\/users\/1"}],"replies":[{"embeddable":true,"href":"https:\/\/archivio.comune.potenza.it\/index.php?rest_route=%2Fwp%2Fv2%2Fcomments&post=5752"}],"version-history":[{"count":0,"href":"https:\/\/archivio.comune.potenza.it\/index.php?rest_route=\/wp\/v2\/posts\/5752\/revisions"}],"wp:attachment":[{"href":"https:\/\/archivio.comune.potenza.it\/index.php?rest_route=%2Fwp%2Fv2%2Fmedia&parent=5752"}],"wp:term":[{"taxonomy":"category","embeddable":true,"href":"https:\/\/archivio.comune.potenza.it\/index.php?rest_route=%2Fwp%2Fv2%2Fcategories&post=5752"},{"taxonomy":"post_tag","embeddable":true,"href":"https:\/\/archivio.comune.potenza.it\/index.php?rest_route=%2Fwp%2Fv2%2Ftags&post=5752"}],"curies":[{"name":"wp","href":"https:\/\/api.w.org\/{rel}","templated":true}]}}