{"id":5764,"date":"2012-08-11T14:30:10","date_gmt":"2012-08-11T12:30:10","guid":{"rendered":"http:\/\/archivio.comune.potenza.it\/comune_wp\/?p=5764"},"modified":"2012-08-11T14:30:10","modified_gmt":"2012-08-11T12:30:10","slug":"molinari-opp-su-parco-montereale","status":"publish","type":"post","link":"https:\/\/archivio.comune.potenza.it\/?p=5764","title":{"rendered":"Molinari (Opp) su Parco Montereale"},"content":{"rendered":"<p style=\"text-align: justify;\">\u201cL&#8217;amministrazione comunale di Potenza rispondendo alla mia interrogazione sul dancing di Montereale e sul degrado del parco ha affermato che entro il 31 agosto sar\u00e0 pubblicato il bando per la gestione della struttuta che negli anni passati \u00e8 stata un importante punto di aggregazione ed occasione di svago per ipotentini, in particolare d&#8217;estate. Secondo quanto riferito dall&#8217;assessore al bilancio Federico Pace il bando metter\u00e0 a gara una gestione novennale prevedendo la chiusura degli spazi aperti del dancing, cos\u00ec da evitare il rischio di un potenziale inquinamento acustico, e la manutenzione del parco a carico del vincitore del bando. L&#8217;auspicio \u00e8 che i tempi per la gestione del dancing e la manutenzione del parco siano brevi perch\u00e8 nel frattempo l&#8217;area verde di Montereale \u00e8 in uno stato di completo abbandono. Come opposizione abbiamo spesso insistito sulla necessit\u00e0 di far rivivere il parco garantendone la cura e pi\u00f9 volte ci siamo interessati alla vicenda del dancing\u201d.Lo evidenzia il consigliere comunale di Potenza Giuseppe Molinari sottolineando come sia \u201cnecessario intervenire subito visto che il parco ha bisogno di rianimarsi come anche altri spazi verdi della citt\u00e0\u201d.\u201cNon molti giorni fa &#8211; continua Molinari &#8211; un gruppo di cittadini ha deciso di pulire il Parco di Montereale che a pochi anni dagli ultimi lavori, costati\u00a0migliaia di euro di risorse pubbliche, \u00e8 di nuovo nel degrado pi\u00f9 totale.Sporcizia ed incuria caratterizzano uno dei luoghi che un tempo fu tra pi\u00f9 frequentati della citt\u00e0 di Potenza, fiore all&#8217;occhiello ora diventato ricettacolo di sporcizia e luogo di incontro per chi cerca un posto poco frequentato per bivaccare\u201d.\u201cCi auguriamo che il futuro gestore del dancing sia poi in grado di provvedere alla manutenzione del parco ma sicuramente sar\u00e0 gi\u00e0 un passo avanti riaprire la struttura. Aspettiamo l&#8217;uscita del bando e nel frattempo &#8211; conclude Molinari -ci appelliamo all&#8217;amministrazione comunale affinch\u00e8 non ritardi l&#8217;affidamento della gestione del dancing\u201d.<\/p>\n","protected":false},"excerpt":{"rendered":"<p>\u201cL&#8217;amministrazione comunale di Potenza rispondendo alla mia interrogazione sul dancing di Montereale e sul degrado del parco ha affermato che entro il 31 agosto sar\u00e0 &#8230; <\/p>\n","protected":false},"author":1,"featured_media":0,"comment_status":"closed","ping_status":"closed","sticky":false,"template":"single-sidebar.php","format":"standard","meta":{"footnotes":""},"categories":[63],"tags":[],"class_list":["post-5764","post","type-post","status-publish","format-standard","hentry","category-news"],"_links":{"self":[{"href":"https:\/\/archivio.comune.potenza.it\/index.php?rest_route=\/wp\/v2\/posts\/5764"}],"collection":[{"href":"https:\/\/archivio.comune.potenza.it\/index.php?rest_route=\/wp\/v2\/posts"}],"about":[{"href":"https:\/\/archivio.comune.potenza.it\/index.php?rest_route=\/wp\/v2\/types\/post"}],"author":[{"embeddable":true,"href":"https:\/\/archivio.comune.potenza.it\/index.php?rest_route=\/wp\/v2\/users\/1"}],"replies":[{"embeddable":true,"href":"https:\/\/archivio.comune.potenza.it\/index.php?rest_route=%2Fwp%2Fv2%2Fcomments&post=5764"}],"version-history":[{"count":0,"href":"https:\/\/archivio.comune.potenza.it\/index.php?rest_route=\/wp\/v2\/posts\/5764\/revisions"}],"wp:attachment":[{"href":"https:\/\/archivio.comune.potenza.it\/index.php?rest_route=%2Fwp%2Fv2%2Fmedia&parent=5764"}],"wp:term":[{"taxonomy":"category","embeddable":true,"href":"https:\/\/archivio.comune.potenza.it\/index.php?rest_route=%2Fwp%2Fv2%2Fcategories&post=5764"},{"taxonomy":"post_tag","embeddable":true,"href":"https:\/\/archivio.comune.potenza.it\/index.php?rest_route=%2Fwp%2Fv2%2Ftags&post=5764"}],"curies":[{"name":"wp","href":"https:\/\/api.w.org\/{rel}","templated":true}]}}