{"id":5794,"date":"2012-08-23T11:46:08","date_gmt":"2012-08-23T09:46:08","guid":{"rendered":"http:\/\/archivio.comune.potenza.it\/comune_wp\/?p=5794"},"modified":"2012-08-23T11:46:08","modified_gmt":"2012-08-23T09:46:08","slug":"fuochi-san-luca-branca-riunione-operativa","status":"publish","type":"post","link":"https:\/\/archivio.comune.potenza.it\/?p=5794","title":{"rendered":"Fuochi San Luca Branca;riunione operativa"},"content":{"rendered":"<p style=\"text-align: justify;\"><img decoding=\"async\" src=\"images\/phocagallery\/fuochi.jpg\" border=\"0\" style=\"float: left; margin: 10px;\" \/>Riunione operativa in \u00a0c\/da\u00a0 S.Luca Branca tra l\u2019assessore alla Protezione civile Nicola Lovallo, funzionari dell\u2019Ufficio Protezione civile, la Polizia Locale e le associazioni di \u00a0Volontariato\u00a0 per verificare e risolvere le ultimi problematiche in vista della 24\/a edizione del festival nazionale di arte pirotecnica &#8220;Fuochi sul Basento&#8221;, trofeo Madonna delle Grazie, in programma in\u00a0 localit\u00e0 San Luca Branca, sabato 1 settembre con inizio alle ore 20.30, un evento di grande valenza che ogni anno richiama 30\/40 mila presenze con 150 pullman da tutta Italia. \u00a0L\u2019Amministrazione sta provvedendo ad effettuare interventi tesi a migliorare la viabilit\u00e0 e la percorribilit\u00e0 delle strade nei pressi della contrada.Sabato primo settembre a cominciare dalle 15, sar\u00e0 predisposto un servizio in grado di far sistemare i veicoli lungo la strada d\u2019accesso alla contrada potentina, alle 18 il traffico in ingresso sar\u00e0 fermato e comincer\u00e0 un servizio di navetta istituito da Cotrab, tra la zona industriale di Potenza e la contrada. Sar\u00e0 presente una ambulanza della Croce Rossa nella contrada e circa 100 volontari delle associazioni con dodici moduli antincendio.\u00a0 I volontari saranno presenti\u00a0 lungo tutto perimetro dell\u2019area interessata all\u2019evento pirotecnico per presidiare eventuali focolai di incendio. Prevista la bonifica dei terreni limitrofi alla zona dell\u2019evento pirotecnico.<\/p>\n<p style=\"text-align: justify;\">\u00a0<\/p>\n","protected":false},"excerpt":{"rendered":"<p>Riunione operativa in \u00a0c\/da\u00a0 S.Luca Branca tra l\u2019assessore alla Protezione civile Nicola Lovallo, funzionari dell\u2019Ufficio Protezione civile, la Polizia Locale e le associazioni di \u00a0Volontariato\u00a0 &#8230; <\/p>\n","protected":false},"author":1,"featured_media":0,"comment_status":"closed","ping_status":"closed","sticky":false,"template":"single-sidebar.php","format":"standard","meta":{"footnotes":""},"categories":[63],"tags":[],"class_list":["post-5794","post","type-post","status-publish","format-standard","hentry","category-news"],"_links":{"self":[{"href":"https:\/\/archivio.comune.potenza.it\/index.php?rest_route=\/wp\/v2\/posts\/5794"}],"collection":[{"href":"https:\/\/archivio.comune.potenza.it\/index.php?rest_route=\/wp\/v2\/posts"}],"about":[{"href":"https:\/\/archivio.comune.potenza.it\/index.php?rest_route=\/wp\/v2\/types\/post"}],"author":[{"embeddable":true,"href":"https:\/\/archivio.comune.potenza.it\/index.php?rest_route=\/wp\/v2\/users\/1"}],"replies":[{"embeddable":true,"href":"https:\/\/archivio.comune.potenza.it\/index.php?rest_route=%2Fwp%2Fv2%2Fcomments&post=5794"}],"version-history":[{"count":0,"href":"https:\/\/archivio.comune.potenza.it\/index.php?rest_route=\/wp\/v2\/posts\/5794\/revisions"}],"wp:attachment":[{"href":"https:\/\/archivio.comune.potenza.it\/index.php?rest_route=%2Fwp%2Fv2%2Fmedia&parent=5794"}],"wp:term":[{"taxonomy":"category","embeddable":true,"href":"https:\/\/archivio.comune.potenza.it\/index.php?rest_route=%2Fwp%2Fv2%2Fcategories&post=5794"},{"taxonomy":"post_tag","embeddable":true,"href":"https:\/\/archivio.comune.potenza.it\/index.php?rest_route=%2Fwp%2Fv2%2Ftags&post=5794"}],"curies":[{"name":"wp","href":"https:\/\/api.w.org\/{rel}","templated":true}]}}