{"id":5796,"date":"2012-08-24T07:46:19","date_gmt":"2012-08-24T05:46:19","guid":{"rendered":"http:\/\/archivio.comune.potenza.it\/comune_wp\/?p=5796"},"modified":"2012-08-24T07:46:19","modified_gmt":"2012-08-24T05:46:19","slug":"connessioni","status":"publish","type":"post","link":"https:\/\/archivio.comune.potenza.it\/?p=5796","title":{"rendered":"Connessioni &#8211; 31 agosto 2012"},"content":{"rendered":"<p><img decoding=\"async\" src=\"images\/multimediali_new\/eventi-e-manifestazioni\/2012\/08\/c.jpg\" border=\"0\" style=\"margin: 10px; float: left; border: 0px;\" \/><\/p>\n<div>\n<p>Venerd\u00ec 31 agosto a partire dalle 18.00 presso il Parco Baden Powell di Potenza andr\u00e0 in scena un evento radiofonico aperto alla citt\u00e0,\u00a0in collegamento radio con ospiti speciali da tutto il mondo, per incontrare e coinvolgere ascoltatori e cittadinanza in un&#8217;ampia gamma di attivit\u00e0 e presentare le attivit\u00e0 previste per il nuovo anno sociale.<\/p>\n<\/p><\/div>\n<p><BR><A HREF =\"attachments\/article\/6513\/CONNESSIONI_2012.jpg\" title=\"CONNESSIONI_2012.jpg\" target=\"_blank\" >CONNESSIONI_2012.jpg<\/A><BR><A HREF =\"attachments\/article\/6513\/6 Esistenza in vita.doc\" title=\"6 Esistenza in vita.doc\" target=\"_blank\" >6 Esistenza in vita.doc<\/A><\/p>\n","protected":false},"excerpt":{"rendered":"<p>Venerd\u00ec 31 agosto a partire dalle 18.00 presso il Parco Baden Powell di Potenza andr\u00e0 in scena un evento radiofonico aperto alla citt\u00e0,\u00a0in collegamento radio &#8230; <\/p>\n","protected":false},"author":1,"featured_media":0,"comment_status":"closed","ping_status":"closed","sticky":false,"template":"single-sidebar.php","format":"standard","meta":{"footnotes":""},"categories":[83],"tags":[],"class_list":["post-5796","post","type-post","status-publish","format-standard","hentry","category-c252-archivio-eventi14-252"],"_links":{"self":[{"href":"https:\/\/archivio.comune.potenza.it\/index.php?rest_route=\/wp\/v2\/posts\/5796"}],"collection":[{"href":"https:\/\/archivio.comune.potenza.it\/index.php?rest_route=\/wp\/v2\/posts"}],"about":[{"href":"https:\/\/archivio.comune.potenza.it\/index.php?rest_route=\/wp\/v2\/types\/post"}],"author":[{"embeddable":true,"href":"https:\/\/archivio.comune.potenza.it\/index.php?rest_route=\/wp\/v2\/users\/1"}],"replies":[{"embeddable":true,"href":"https:\/\/archivio.comune.potenza.it\/index.php?rest_route=%2Fwp%2Fv2%2Fcomments&post=5796"}],"version-history":[{"count":0,"href":"https:\/\/archivio.comune.potenza.it\/index.php?rest_route=\/wp\/v2\/posts\/5796\/revisions"}],"wp:attachment":[{"href":"https:\/\/archivio.comune.potenza.it\/index.php?rest_route=%2Fwp%2Fv2%2Fmedia&parent=5796"}],"wp:term":[{"taxonomy":"category","embeddable":true,"href":"https:\/\/archivio.comune.potenza.it\/index.php?rest_route=%2Fwp%2Fv2%2Fcategories&post=5796"},{"taxonomy":"post_tag","embeddable":true,"href":"https:\/\/archivio.comune.potenza.it\/index.php?rest_route=%2Fwp%2Fv2%2Ftags&post=5796"}],"curies":[{"name":"wp","href":"https:\/\/api.w.org\/{rel}","templated":true}]}}