{"id":5798,"date":"2012-08-24T08:16:37","date_gmt":"2012-08-24T06:16:37","guid":{"rendered":"http:\/\/archivio.comune.potenza.it\/comune_wp\/?p=5798"},"modified":"2012-08-24T08:16:37","modified_gmt":"2012-08-24T06:16:37","slug":"napoli-pdl-su-inizio-anno-scolastico","status":"publish","type":"post","link":"https:\/\/archivio.comune.potenza.it\/?p=5798","title":{"rendered":"Napoli (Pdl) su inizio anno scolastico"},"content":{"rendered":"<p style=\"text-align: justify;\">\u201cIl nuovo anno scolastico \u00e8 alle porte e le problematiche ad esso legate, come sempre, si ripropongono. In tutta la loro drammaticit\u00e0\u201d. E\u2019 quanto sostiene il consigliere comunale del Pdl, Michele Napoli evidenziando che \u201cl&#8217;amministrazione comunale potentina ha dichiarato che si sta adoperando per garantire il trasporto scolastico e il servizio mensa in tempi rapidi, trascurando tutta una serie di altre situazioni che creano disagio e ancor pi\u00f9 preoccupazione. Il riferimento va all&#8217;agibilit\u00e0 delle scuole e agli interventi di edilizia scolastica urgenti, sempre preannunciati e mai posti in essere. Di certo i genitori degli alunni non hanno di che stare tranquilli. Sono pochi i plessi in possesso di tutti i requisiti di agibilit\u00e0.Ma cosa avrebbe dovuto fare l&#8217;amministrazione comunale? \u2013 si domanda Napoli. Una mappatura e un piano di interventi \u2013 afferma &#8211; da mettere in atto nei mesi estivi, tanto per cominciare. Per far fronte alle emergenze e per essere pronti, ed in regola, per l&#8217;inizio dell&#8217;anno scolastico. Nulla di tutto questo \u00e8 accaduto. Appare evidente che la programmazione non \u00e8 prerogativa della classe dirigente potentina. Per la serie il problema c&#8217;era, c&#8217;\u00e8 ed \u00e8 destinato a rimanere in tutta la sua drammaticit\u00e0. Ed ecco allora che si ricorre ai proclami. Circa l&#8217;impegno a far cominciare in tempi accettabili i servizi di trasporto e mensa scolastica per distogliere l&#8217;attenzione su altrettanti seri problemi. Quale ad esempio garantire la sicurezza degli alunni che pure dovrebbe essere al primo posto nell&#8217;agenda degli interventi dell&#8217;amministrazione comunale del capoluogo lucano. Non ci resta \u2013 conclude il consigliere del Pdl &#8211; che apprestarci a vivere un altro anno di sacrifici e preoccupazioni, nutrendo non pochi dubbi in ordine alle promesse annunciate\u201d.<\/p>\n","protected":false},"excerpt":{"rendered":"<p>\u201cIl nuovo anno scolastico \u00e8 alle porte e le problematiche ad esso legate, come sempre, si ripropongono. In tutta la loro drammaticit\u00e0\u201d. E\u2019 quanto sostiene &#8230; <\/p>\n","protected":false},"author":1,"featured_media":0,"comment_status":"closed","ping_status":"closed","sticky":false,"template":"single-sidebar.php","format":"standard","meta":{"footnotes":""},"categories":[63],"tags":[],"class_list":["post-5798","post","type-post","status-publish","format-standard","hentry","category-news"],"_links":{"self":[{"href":"https:\/\/archivio.comune.potenza.it\/index.php?rest_route=\/wp\/v2\/posts\/5798"}],"collection":[{"href":"https:\/\/archivio.comune.potenza.it\/index.php?rest_route=\/wp\/v2\/posts"}],"about":[{"href":"https:\/\/archivio.comune.potenza.it\/index.php?rest_route=\/wp\/v2\/types\/post"}],"author":[{"embeddable":true,"href":"https:\/\/archivio.comune.potenza.it\/index.php?rest_route=\/wp\/v2\/users\/1"}],"replies":[{"embeddable":true,"href":"https:\/\/archivio.comune.potenza.it\/index.php?rest_route=%2Fwp%2Fv2%2Fcomments&post=5798"}],"version-history":[{"count":0,"href":"https:\/\/archivio.comune.potenza.it\/index.php?rest_route=\/wp\/v2\/posts\/5798\/revisions"}],"wp:attachment":[{"href":"https:\/\/archivio.comune.potenza.it\/index.php?rest_route=%2Fwp%2Fv2%2Fmedia&parent=5798"}],"wp:term":[{"taxonomy":"category","embeddable":true,"href":"https:\/\/archivio.comune.potenza.it\/index.php?rest_route=%2Fwp%2Fv2%2Fcategories&post=5798"},{"taxonomy":"post_tag","embeddable":true,"href":"https:\/\/archivio.comune.potenza.it\/index.php?rest_route=%2Fwp%2Fv2%2Ftags&post=5798"}],"curies":[{"name":"wp","href":"https:\/\/api.w.org\/{rel}","templated":true}]}}