{"id":5810,"date":"2012-08-29T14:49:01","date_gmt":"2012-08-29T12:49:01","guid":{"rendered":"http:\/\/archivio.comune.potenza.it\/comune_wp\/?p=5810"},"modified":"2012-08-29T14:49:01","modified_gmt":"2012-08-29T12:49:01","slug":"lomonaco-pd-molte-contrade-potentine-esonerate-dal-costo-di-depurazione","status":"publish","type":"post","link":"https:\/\/archivio.comune.potenza.it\/?p=5810","title":{"rendered":"Lomonaco (PD): molte contrade potentine esonerate dal costo di depurazione"},"content":{"rendered":"<p style=\"text-align: justify;\"><span class=\"s10\" style=\"line-height: 15px; font-family: 'Times New Roman'; color: #333333; font-size: 13px;\">Ha trovato accog<\/span><span class=\"s10\" style=\"line-height: 15px; font-family: 'Times New Roman'; color: #333333; font-size: 13px;\">limento la richiesta del\u00a0<\/span><span class=\"s10\" style=\"line-height: 15px; font-family: 'Times New Roman'; color: #333333; font-size: 13px;\">consigliere del Pd Salvatore Lomonaco\u00a0<\/span><span class=\"s10\" style=\"line-height: 15px; font-family: 'Times New Roman'; color: #333333; font-size: 13px;\">che\u00a0<\/span><span class=\"s10\" style=\"line-height: 15px; font-family: 'Times New Roman'; color: #333333; font-size: 13px;\">chiedeva<\/span><span class=\"s10\" style=\"line-height: 15px; font-family: 'Times New Roman'; color: #333333; font-size: 13px;\">\u00a0l\u2019esclusione dell\u2019applicazione<\/span><span class=\"s10\" style=\"line-height: 15px; font-family: 'Times New Roman'; color: #333333; font-size: 13px;\">\u00a0della tariffa di depurazione da<\/span><span class=\"s10\" style=\"line-height: 15px; font-family: 'Times New Roman'; color: #333333; font-size: 13px;\">lla fatturazione dei consumi idrici per le utenze di quanti risiedono in contrade cittadine non collegat<\/span><span class=\"s10\" style=\"line-height: 15px; font-family: 'Times New Roman'; color: #333333; font-size: 13px;\">e al depuratore.\u00a0<\/span><span class=\"s10\" style=\"line-height: 15px; font-family: 'Times New Roman'; color: #333333; font-size: 13px;\">Si tratta delle contrade:\u00a0<\/span><span class=\"s10\" style=\"line-height: 15px; font-family: 'Times New Roman'; color: #333333; font-size: 13px;\">Ma<\/span><span class=\"s10\" style=\"line-height: 15px; font-family: 'Times New Roman'; color: #333333; font-size: 13px;\">sseria Romaniello \u2013 Case Claps,<\/span><span class=\"s10\" style=\"line-height: 15px; font-family: 'Times New Roman'; color: #333333; font-size: 13px;\">\u00a0Demanio San Gerardo, Bosco Piccolo, Bosco Grande, Barrata, Fermata Tiera, San Francesco, Chiangali, San Nicola, Lavangone, Cugno dell\u2019Orso, Macchia Maligna, San Luca Scafarelli, Avigliano Scalo, Stompagno, Piano di Zucchero, Rivisco, Cugno delle Brecce, Piani del Mattino, Cavaliere, Cugno della Rossa, Tiera Tufaroli. L\u2019iniz<\/span><span class=\"s10\" style=\"line-height: 15px; font-family: 'Times New Roman'; color: #333333; font-size: 13px;\">iativa \u00e8 stata condivisa dai funzionari di \u00a0Acque<\/span><span class=\"s10\" style=\"line-height: 15px; font-family: 'Times New Roman'; color: #333333; font-size: 13px;\">dotto\u00a0<\/span><span class=\"s10\" style=\"line-height: 15px; font-family: 'Times New Roman'; color: #333333; font-size: 13px;\">L<\/span><span class=\"s10\" style=\"line-height: 15px; font-family: 'Times New Roman'; color: #333333; font-size: 13px;\">ucano<\/span><span class=\"s10\" style=\"line-height: 15px; font-family: 'Times New Roman'; color: #333333; font-size: 13px;\">\u00a0<\/span><span class=\"s10\" style=\"line-height: 15px; font-family: 'Times New Roman'; color: #333333; font-size: 13px;\">nel rispetto della sentenza della Corte costituzionale\u00a0<\/span><span class=\"s10\" style=\"line-height: 15px; font-family: 'Times New Roman'; color: #333333; font-size: 13px;\">n.<\/span><span class=\"s10\" style=\"line-height: 15px; font-family: 'Times New Roman'; color: #333333; font-size: 13px;\">335 del 2008.\u00a0<\/span><span class=\"s10\" style=\"line-height: 15px; font-family: 'Times New Roman'; color: #333333; font-size: 13px;\">\u00a0<\/span><span class=\"s10\" style=\"line-height: 15px; font-family: 'Times New Roman'; color: #333333; font-size: 13px;\">Il\u00a0<\/span><span class=\"s10\" style=\"line-height: 15px; font-family: 'Times New Roman'; color: #333333; font-size: 13px;\">consigliere<\/span><span class=\"s10\" style=\"line-height: 15px; font-family: 'Times New Roman'; color: #333333; font-size: 13px;\">,\u00a0<\/span><span class=\"s10\" style=\"line-height: 15px; font-family: 'Times New Roman'; color: #333333; font-size: 13px;\">sollecitato da numerosi cittadini residenti nel territorio\u00a0<\/span><span class=\"s10\" style=\"line-height: 15px; font-family: 'Times New Roman'; color: #333333; font-size: 13px;\">rurale,\u00a0<\/span><span class=\"s10\" style=\"line-height: 15px; font-family: 'Times New Roman'; color: #333333; font-size: 13px;\">si \u00e8\u00a0<\/span><span class=\"s10\" style=\"line-height: 15px; font-family: 'Times New Roman'; color: #333333; font-size: 13px;\">attivato\u00a0<\/span><span class=\"s10\" style=\"line-height: 15px; font-family: 'Times New Roman'; color: #333333; font-size: 13px;\">presso Al, d<\/span><span class=\"s10\" style=\"line-height: 15px; font-family: 'Times New Roman'; color: #333333; font-size: 13px;\">ove gli stessi funzionari\u00a0<\/span><span class=\"s10\" style=\"line-height: 15px; font-family: 'Times New Roman'; color: #333333; font-size: 13px;\">gli\u00a0<\/span><span class=\"s10\" style=\"line-height: 15px; font-family: 'Times New Roman'; color: #333333; font-size: 13px;\">hanno assicurato che\u00a0<\/span><span class=\"s10\" style=\"line-height: 15px; font-family: 'Times New Roman'; color: #333333; font-size: 13px;\">a cominciare dalla prossima fatturazione<\/span><span class=\"s10\" style=\"line-height: 15px; font-family: 'Times New Roman'; color: #333333; font-size: 13px;\">,<\/span><span class=\"s10\" style=\"line-height: 15px; font-family: 'Times New Roman'; color: #333333; font-size: 13px;\">\u00a0sulle bollette non comparir\u00e0 pi\u00f9 la voce riferita al servizio di depurazione e il tutto rimarr\u00e0 invariato fino a quando i rispettivi collettori non saranno effettivamente convogliati nell\u2019i<\/span><span class=\"s10\" style=\"line-height: 15px; font-family: 'Times New Roman'; color: #333333; font-size: 13px;\">mpianto di depurazione<\/span><span class=\"s10\" style=\"line-height: 15px; font-family: 'Times New Roman'; color: #333333; font-size: 13px;\">.<\/span><span class=\"s10\" style=\"line-height: 15px; font-family: 'Times New Roman'; color: #333333; font-size: 13px;\">La medesima procedura sar\u00e0 seguita per le utenze che a oggi non sono ancora \u2018<\/span><span class=\"s10\" style=\"line-height: 15px; font-family: 'Times New Roman'; color: #333333; font-size: 13px;\">collettate<\/span><span class=\"s10\" style=\"line-height: 15px; font-family: 'Times New Roman'; color: #333333; font-size: 13px;\">\u2019 nella rete fognaria.<\/span><span class=\"s10\" style=\"line-height: 15px; font-family: 'Times New Roman'; color: #333333; font-size: 13px;\">Il consigliere soddisfatto per il risultato conseguito,\u00a0<\/span><span class=\"s10\" style=\"line-height: 15px; font-family: 'Times New Roman'; color: #333333; font-size: 13px;\">resta in attesa di verificare la<\/span><span class=\"s10\" style=\"line-height: 15px; font-family: 'Times New Roman'; color: #333333; font-size: 13px;\">\u00a0<\/span><span class=\"s10\" style=\"line-height: 15px; font-family: 'Times New Roman'; color: #333333; font-size: 13px;\">direttiva\u00a0<\/span><span class=\"s10\" style=\"line-height: 15px; font-family: 'Times New Roman'; color: #333333; font-size: 13px;\">dell<\/span><span class=\"s10\" style=\"line-height: 15px; font-family: 'Times New Roman'; color: #333333; font-size: 13px;\">\u2019Aut<\/span><span class=\"s10\" style=\"line-height: 15px; font-family: 'Times New Roman'; color: #333333; font-size: 13px;\">o<\/span><span class=\"s10\" style=\"line-height: 15px; font-family: 'Times New Roman'; color: #333333; font-size: 13px;\">rit\u00e0 d\u2019Ambito Territoriale<\/span><span class=\"s10\" style=\"line-height: 15px; font-family: 'Times New Roman'; color: #333333; font-size: 13px;\">\u00a0Ottimale\u00a0<\/span><span class=\"s10\" style=\"line-height: 15px; font-family: 'Times New Roman'; color: #333333; font-size: 13px;\">(<\/span><span class=\"s10\" style=\"line-height: 15px; font-family: 'Times New Roman'; color: #333333; font-size: 13px;\">AATO<\/span><span class=\"s10\" style=\"line-height: 15px; font-family: 'Times New Roman'; color: #333333; font-size: 13px;\">)<\/span><span class=\"s10\" style=\"line-height: 15px; font-family: 'Times New Roman'; color: #333333; font-size: 13px;\">,\u00a0<\/span><span class=\"s10\" style=\"line-height: 15px; font-family: 'Times New Roman'; color: #333333; font-size: 13px;\">mediante la quale i cittadini potranno richiedere<\/span><span class=\"s10\" style=\"line-height: 15px; font-family: 'Times New Roman'; color: #333333; font-size: 13px;\">\u00a0<\/span><span class=\"s10\" style=\"line-height: 15px; font-family: 'Times New Roman'; color: #333333; font-size: 13px;\">il rimborso dei pagamenti gi\u00e0 sostenuti<\/span><span class=\"s10\" style=\"line-height: 15px; font-family: 'Times New Roman'; color: #333333; font-size: 13px;\">\u00a0tramite l\u2019Acquedotto Lucano.<\/span><\/p>\n","protected":false},"excerpt":{"rendered":"<p>Ha trovato accoglimento la richiesta del\u00a0consigliere del Pd Salvatore Lomonaco\u00a0che\u00a0chiedeva\u00a0l\u2019esclusione dell\u2019applicazione\u00a0della tariffa di depurazione dalla fatturazione dei consumi idrici per le utenze di quanti risiedono &#8230; <\/p>\n","protected":false},"author":1,"featured_media":0,"comment_status":"closed","ping_status":"closed","sticky":false,"template":"single-sidebar.php","format":"standard","meta":{"footnotes":""},"categories":[63],"tags":[],"class_list":["post-5810","post","type-post","status-publish","format-standard","hentry","category-news"],"_links":{"self":[{"href":"https:\/\/archivio.comune.potenza.it\/index.php?rest_route=\/wp\/v2\/posts\/5810"}],"collection":[{"href":"https:\/\/archivio.comune.potenza.it\/index.php?rest_route=\/wp\/v2\/posts"}],"about":[{"href":"https:\/\/archivio.comune.potenza.it\/index.php?rest_route=\/wp\/v2\/types\/post"}],"author":[{"embeddable":true,"href":"https:\/\/archivio.comune.potenza.it\/index.php?rest_route=\/wp\/v2\/users\/1"}],"replies":[{"embeddable":true,"href":"https:\/\/archivio.comune.potenza.it\/index.php?rest_route=%2Fwp%2Fv2%2Fcomments&post=5810"}],"version-history":[{"count":0,"href":"https:\/\/archivio.comune.potenza.it\/index.php?rest_route=\/wp\/v2\/posts\/5810\/revisions"}],"wp:attachment":[{"href":"https:\/\/archivio.comune.potenza.it\/index.php?rest_route=%2Fwp%2Fv2%2Fmedia&parent=5810"}],"wp:term":[{"taxonomy":"category","embeddable":true,"href":"https:\/\/archivio.comune.potenza.it\/index.php?rest_route=%2Fwp%2Fv2%2Fcategories&post=5810"},{"taxonomy":"post_tag","embeddable":true,"href":"https:\/\/archivio.comune.potenza.it\/index.php?rest_route=%2Fwp%2Fv2%2Ftags&post=5810"}],"curies":[{"name":"wp","href":"https:\/\/api.w.org\/{rel}","templated":true}]}}