{"id":5844,"date":"2012-09-08T20:00:00","date_gmt":"2012-09-08T18:00:00","guid":{"rendered":"http:\/\/archivio.comune.potenza.it\/comune_wp\/?p=5844"},"modified":"2012-09-08T20:00:00","modified_gmt":"2012-09-08T18:00:00","slug":"gocce-d-autore8sett","status":"publish","type":"post","link":"https:\/\/archivio.comune.potenza.it\/?p=5844","title":{"rendered":"Gocce d&#8217;autore"},"content":{"rendered":"<p style=\"text-align: justify;\"><img decoding=\"async\" src=\"images\/multimediali_new\/eventi-e-manifestazioni\/2012\/07\/gocce%20estate.gif\" border=\"0\" style=\"margin: 10px; float: left; border: 0px;\" \/><\/p>\n<p style=\"text-align: justify;\">Presentazione libro<strong> &#8220;Enia. Il sogno \u00e8 la vita&#8221;<\/strong> di Claudio Percuoco<\/p>\n<p style=\"text-align: justify;\">Sabato 8 settembre, ore 19.30<\/p>\n<p style=\"text-align: justify;\">Potenza, chiostro\u00a0 chiesa di San Michele Arcangelo, centro storico.<\/p>\n<p>  <!--more-->  <\/p>\n<p style=\"text-align: justify;\">Anche settembre, coda dell&#8217;estate, si appresta ed essere teatro di incontri all&#8217;aperto. La rassegna Gocce d&#8217;autore estate 2012, organizzata dall&#8217;associazione musicale Tumbao in collaborazione con il comune di Potenza e la libreria Ubik, prosegue con le sue proposte letterarie e musicali nel chiostro della chiesa di San Michele Arcangelo, nel cuore del centro storico di Potenza.<\/p>\n<p style=\"text-align: justify;\">Sabato 8 settembre, alle 19,30, Eva Bonitatibus, giornalista, e Toni De Giorgi, musicista, incontreranno lo scrittore Claudio Percuoco e la sua opera narrativa Enia. Il sogno \u00e8 la vita, Gruppo Albatros editore.<\/p>\n<p style=\"text-align: justify;\">Il romanzo narra la storia di una giovane, Enia appunto, che, assillata da un mondo in cui non c\u2019\u00e8 pi\u00f9 spazio per la fantasia, coltiva un amore che la condurr\u00e0 in un sogno dai labili confini. Tra favola e realt\u00e0, incontra il suo mito letterario, Vlad Tepes, ossia Dracula,sul quale si trova a scrivere la propria tesi di laurea. Il desiderio smodato di approfondire la conoscenza di questo personaggio avvolto dal mistero, spinge la protagonista nei luoghi natali di Dracula.<\/p>\n<p style=\"text-align: justify;\">Chi si aspetta un racconto horror non \u00e8 mai stato tanto lontano dalla realt\u00e0: non sono il male e la morte i protagonisti di questo romanzo, bens\u00ec un forte grido di amore verso l\u2019universo tutto e in particolare le spinte pi\u00f9 vere e profonde che muovono l\u2019agire umano, in un tripudio di note e poesia che la passione di Claudio Percuoco ci fa sentire solo leggendo queste intense pagine, tanto intrise di musica che a stento si trattiene l\u2019impressione che il libro abbia una colonna sonora&#8230; Una favola sempre in bilico tra realt\u00e0, sogno e immaginazione con il dono di far emergere la luce dalle ombre del nostro tempo.<\/p>\n<p style=\"text-align: justify;\">Il dialogo con l&#8217;autore del libro sar\u00e0 intervallato, come di consueto, dalla musica eseguita dal vivo da Toni De Giorgi, al piano, e da Giusepep Romaniello, al sax. Un cortometraggio realizzato da Claudio Percuoco sar\u00e0 proiettato nel corso dell&#8217;incontro.<\/p>\n<p style=\"text-align: justify;\"><strong>Claudio Percuoco<\/strong> \u00e8 nato a Napoli il 14 marzo del 1963. Vive tra la campagna di Castellana Grotte e la citt\u00e0 di Monopoli, dove lavora nella Guardia di Finanza. Ha scritto poesie e canzoni e ha realizzato la colonna sonora del riadattamento di Miseria e Nobilt\u00e0, di Eduardo Scarpetta (2004), insieme a Paolo Del Vecchio; ha scritto inoltre testo e tema originale di Boh\u00e8me \u2013 La favola del nuovo millennio (2006), di cui ha anche curato regia, musica, chitarra e arrangiamenti.<\/p>\n","protected":false},"excerpt":{"rendered":"<p>Presentazione libro &#8220;Enia. Il sogno \u00e8 la vita&#8221; di Claudio Percuoco Sabato 8 settembre, ore 19.30 Potenza, chiostro\u00a0 chiesa di San Michele Arcangelo, centro storico.<\/p>\n","protected":false},"author":1,"featured_media":0,"comment_status":"closed","ping_status":"closed","sticky":false,"template":"single-sidebar.php","format":"standard","meta":{"footnotes":""},"categories":[83],"tags":[],"class_list":["post-5844","post","type-post","status-publish","format-standard","hentry","category-c252-archivio-eventi14-252"],"_links":{"self":[{"href":"https:\/\/archivio.comune.potenza.it\/index.php?rest_route=\/wp\/v2\/posts\/5844"}],"collection":[{"href":"https:\/\/archivio.comune.potenza.it\/index.php?rest_route=\/wp\/v2\/posts"}],"about":[{"href":"https:\/\/archivio.comune.potenza.it\/index.php?rest_route=\/wp\/v2\/types\/post"}],"author":[{"embeddable":true,"href":"https:\/\/archivio.comune.potenza.it\/index.php?rest_route=\/wp\/v2\/users\/1"}],"replies":[{"embeddable":true,"href":"https:\/\/archivio.comune.potenza.it\/index.php?rest_route=%2Fwp%2Fv2%2Fcomments&post=5844"}],"version-history":[{"count":0,"href":"https:\/\/archivio.comune.potenza.it\/index.php?rest_route=\/wp\/v2\/posts\/5844\/revisions"}],"wp:attachment":[{"href":"https:\/\/archivio.comune.potenza.it\/index.php?rest_route=%2Fwp%2Fv2%2Fmedia&parent=5844"}],"wp:term":[{"taxonomy":"category","embeddable":true,"href":"https:\/\/archivio.comune.potenza.it\/index.php?rest_route=%2Fwp%2Fv2%2Fcategories&post=5844"},{"taxonomy":"post_tag","embeddable":true,"href":"https:\/\/archivio.comune.potenza.it\/index.php?rest_route=%2Fwp%2Fv2%2Ftags&post=5844"}],"curies":[{"name":"wp","href":"https:\/\/api.w.org\/{rel}","templated":true}]}}