{"id":5900,"date":"2012-10-06T19:00:00","date_gmt":"2012-10-06T17:00:00","guid":{"rendered":"http:\/\/archivio.comune.potenza.it\/comune_wp\/?p=5900"},"modified":"2012-10-06T19:00:00","modified_gmt":"2012-10-06T17:00:00","slug":"uici","status":"publish","type":"post","link":"https:\/\/archivio.comune.potenza.it\/?p=5900","title":{"rendered":"Giornate del patrimonio"},"content":{"rendered":"<p style=\"text-align: justify;\"><strong><img decoding=\"async\" src=\"images\/multimediali_new\/eventi-e-manifestazioni\/2012\/09\/uicipatrimonio.jpg\" border=\"0\" style=\"margin: 10px; float: left; border: 0px;\" \/>In viaggio attrverso i sensi.<\/strong> Parole da toccare: il Braille<\/p>\n<p style=\"text-align: justify;\">Mostra <strong>Case in viaggio, ovvero gli oggetti domestici si raccontano in valigia\u201d<\/strong><\/p>\n<p>Dal 29 settembre al 6 ottobre 2012, dal luned\u00ec al sabato dalle ore 9.30 alle ore 13.00 e il marted\u00ec e venerd\u00ec dalle ore 17.00 alle ore 19.00<\/p>\n<p>Potenza, sede Unione Italiana dei Ciechi e degli Ipovedenti, corso Garibaldi, 2<\/p>\n<p>  <!--more-->  <\/p>\n<p style=\"text-align: justify;\">Le Case in viaggio sono valige che contengono scatole. Ogni scatola, a sua volta, contiene oggetti e storie. Le scatole per il loro potere di raccontare diventano, quindi, libri ed, in particolare,\u00a0 libri accessibili, strumenti di accesso ad una esperienza.<\/p>\n<p style=\"text-align: justify;\">Laboratori: sabato 29 settembre e 6 ottobre 2012 dalle ore 10.30 alle ore 12.30<\/p>\n<p style=\"text-align: justify;\"><strong>\u201cPuntini in gioco\u201d:<\/strong> Il laboratorio \u00e8 rivolto prevalentemente agli alunni della scuola primaria e secondaria di primo grado ed \u00e8 finalizzato\u00a0 ad illustrare, attraverso il gioco, il codice a punti utilizzato dai ciechi di tutto il mondo.<\/p>\n<p style=\"text-align: justify;\">Laboratorio <strong>\u201cImmagina e crea il tuo oggetto fantastico\u201d,<\/strong> rivolto, a studenti o chi abbia voglia di sperimentarsi in attivit\u00e0 manuali ad occhi chiusi. Il laboratorio consiste nell\u2019ascolto di un testo e nella manipolazione dell\u2019argilla per realizzarne un oggetto che sia espressione delle proprie emozioni e percezioni.<\/p>\n<p><BR><A HREF =\"attachments\/article\/6618\/GIORNATE EUROPEE DEL PATRIMONIO - banner informativo 2.pdf\" title=\"GIORNATE EUROPEE DEL PATRIMONIO - banner informativo 2.pdf\" target=\"_blank\" >GIORNATE EUROPEE DEL PATRIMONIO &#8211; banner informativo 2.pdf<\/A><\/p>\n","protected":false},"excerpt":{"rendered":"<p>In viaggio attrverso i sensi. Parole da toccare: il Braille Mostra Case in viaggio, ovvero gli oggetti domestici si raccontano in valigia\u201d Dal 29 settembre &#8230; <\/p>\n","protected":false},"author":1,"featured_media":0,"comment_status":"closed","ping_status":"closed","sticky":false,"template":"single-sidebar.php","format":"standard","meta":{"footnotes":""},"categories":[83],"tags":[],"class_list":["post-5900","post","type-post","status-publish","format-standard","hentry","category-c252-archivio-eventi14-252"],"_links":{"self":[{"href":"https:\/\/archivio.comune.potenza.it\/index.php?rest_route=\/wp\/v2\/posts\/5900"}],"collection":[{"href":"https:\/\/archivio.comune.potenza.it\/index.php?rest_route=\/wp\/v2\/posts"}],"about":[{"href":"https:\/\/archivio.comune.potenza.it\/index.php?rest_route=\/wp\/v2\/types\/post"}],"author":[{"embeddable":true,"href":"https:\/\/archivio.comune.potenza.it\/index.php?rest_route=\/wp\/v2\/users\/1"}],"replies":[{"embeddable":true,"href":"https:\/\/archivio.comune.potenza.it\/index.php?rest_route=%2Fwp%2Fv2%2Fcomments&post=5900"}],"version-history":[{"count":0,"href":"https:\/\/archivio.comune.potenza.it\/index.php?rest_route=\/wp\/v2\/posts\/5900\/revisions"}],"wp:attachment":[{"href":"https:\/\/archivio.comune.potenza.it\/index.php?rest_route=%2Fwp%2Fv2%2Fmedia&parent=5900"}],"wp:term":[{"taxonomy":"category","embeddable":true,"href":"https:\/\/archivio.comune.potenza.it\/index.php?rest_route=%2Fwp%2Fv2%2Fcategories&post=5900"},{"taxonomy":"post_tag","embeddable":true,"href":"https:\/\/archivio.comune.potenza.it\/index.php?rest_route=%2Fwp%2Fv2%2Ftags&post=5900"}],"curies":[{"name":"wp","href":"https:\/\/api.w.org\/{rel}","templated":true}]}}