{"id":5962,"date":"2012-10-04T10:23:24","date_gmt":"2012-10-04T08:23:24","guid":{"rendered":"http:\/\/archivio.comune.potenza.it\/comune_wp\/?p=5962"},"modified":"2012-10-04T10:23:24","modified_gmt":"2012-10-04T08:23:24","slug":"citta-contro-la-pena-di-morte","status":"publish","type":"post","link":"https:\/\/archivio.comune.potenza.it\/?p=5962","title":{"rendered":"Citt\u00e0 contro la Pena di Morte"},"content":{"rendered":"<p style=\"text-align: justify;\"><img decoding=\"async\" src=\"images\/multimediali_new\/utilita\/LOGO%20CELESTE%20DEF.jpg\" border=\"0\" style=\"float: left; border: 0px;\" \/>La citt\u00e0 di Potenza aderisce alla <strong>Giornata Internazionale delle Citt\u00e0 per la Vita-Citt\u00e0 contro la Pena di Morte<\/strong> che si celebra ogni 30 Novembre, nell\u2019anniversario della prima abolizione della pena capitale ad opera di uno Stato, il Granducato di Toscana, il 30 novembre 1786.<\/p>\n","protected":false},"excerpt":{"rendered":"<p>La citt\u00e0 di Potenza aderisce alla Giornata Internazionale delle Citt\u00e0 per la Vita-Citt\u00e0 contro la Pena di Morte che si celebra ogni 30 Novembre, nell\u2019anniversario &#8230; <\/p>\n","protected":false},"author":1,"featured_media":0,"comment_status":"closed","ping_status":"closed","sticky":false,"template":"single-sidebar.php","format":"standard","meta":{"footnotes":""},"categories":[83],"tags":[],"class_list":["post-5962","post","type-post","status-publish","format-standard","hentry","category-c252-archivio-eventi14-252"],"_links":{"self":[{"href":"https:\/\/archivio.comune.potenza.it\/index.php?rest_route=\/wp\/v2\/posts\/5962"}],"collection":[{"href":"https:\/\/archivio.comune.potenza.it\/index.php?rest_route=\/wp\/v2\/posts"}],"about":[{"href":"https:\/\/archivio.comune.potenza.it\/index.php?rest_route=\/wp\/v2\/types\/post"}],"author":[{"embeddable":true,"href":"https:\/\/archivio.comune.potenza.it\/index.php?rest_route=\/wp\/v2\/users\/1"}],"replies":[{"embeddable":true,"href":"https:\/\/archivio.comune.potenza.it\/index.php?rest_route=%2Fwp%2Fv2%2Fcomments&post=5962"}],"version-history":[{"count":0,"href":"https:\/\/archivio.comune.potenza.it\/index.php?rest_route=\/wp\/v2\/posts\/5962\/revisions"}],"wp:attachment":[{"href":"https:\/\/archivio.comune.potenza.it\/index.php?rest_route=%2Fwp%2Fv2%2Fmedia&parent=5962"}],"wp:term":[{"taxonomy":"category","embeddable":true,"href":"https:\/\/archivio.comune.potenza.it\/index.php?rest_route=%2Fwp%2Fv2%2Fcategories&post=5962"},{"taxonomy":"post_tag","embeddable":true,"href":"https:\/\/archivio.comune.potenza.it\/index.php?rest_route=%2Fwp%2Fv2%2Ftags&post=5962"}],"curies":[{"name":"wp","href":"https:\/\/api.w.org\/{rel}","templated":true}]}}