{"id":6156,"date":"2012-11-08T21:00:00","date_gmt":"2012-11-08T20:00:00","guid":{"rendered":"http:\/\/archivio.comune.potenza.it\/comune_wp\/?p=6156"},"modified":"2012-11-08T21:00:00","modified_gmt":"2012-11-08T20:00:00","slug":"circolo-jacques-maritain","status":"publish","type":"post","link":"https:\/\/archivio.comune.potenza.it\/?p=6156","title":{"rendered":"Circolo Jacques Maritain"},"content":{"rendered":"<p><img decoding=\"async\" src=\"images\/multimediali_new\/eventi-e-manifestazioni\/2012\/11\/mariten.jpg\" border=\"0\" style=\"margin: 10px; float: left; border: 0px;\" \/>40 anni di attivit\u00e0 del Circolo &#8211; <strong>Centro Storico: piazza Mario Pagano<\/strong><\/p>\n<p>Gioved\u00ec 8 novembre, ore 18.30<\/p>\n<p>\u00a0Potenza, Sala dell\u2019Arco \u2013 Palazzo di Citt\u00e0<\/p>\n<p>  <!--more-->  <\/p>\n<p style=\"text-align: justify;\">Il Circolo Jacques Maritain, in occasione dei quaranta anni di attivit\u00e0 a Potenza, organizza un incontro per discutere del Centro Storico alla luce della nuova sistemazione di Piazza Mario Pagano insieme al progettista Antonio Maroscia.<\/p>\n<p style=\"text-align: justify;\">Lo storico Vincenzo Perretti esporr\u00e0 alcune annotazioni sulla Piazza che insieme al Teatro Stabile rappresentano il cuore e l\u2019immagine della nostra Citt\u00e0.<\/p>\n<p style=\"text-align: justify;\">Nell\u2019occasione\u00a0 Valeria Verrastro, Vincenza Molinari e Pinuccio Matta esporranno la proposta del\u00a0 Circolo di realizzare una edicola sacra nell\u2019ambito del Centro Storico quale forma di religiosit\u00e0 popolare e di identit\u00e0 della nostra citt\u00e0.<\/p>\n<p style=\"text-align: justify;\">I lavori saranno conclusi dal Sindaco della Citt\u00e0 Vito Santarsiero che inquadrer\u00e0 la sistemazione di Piazza Mario Pagano nel pi\u00f9 ampio contesto dell\u2019attualit\u00e0 del Centro Storico e della Citt\u00e0 di Potenza in un\u00a0 momento di\u00a0 crisi epocale in cui vive l\u2019intero paese.<\/p>\n","protected":false},"excerpt":{"rendered":"<p>40 anni di attivit\u00e0 del Circolo &#8211; Centro Storico: piazza Mario Pagano Gioved\u00ec 8 novembre, ore 18.30 \u00a0Potenza, Sala dell\u2019Arco \u2013 Palazzo di Citt\u00e0<\/p>\n","protected":false},"author":1,"featured_media":0,"comment_status":"closed","ping_status":"closed","sticky":false,"template":"single-sidebar.php","format":"standard","meta":{"footnotes":""},"categories":[83],"tags":[],"class_list":["post-6156","post","type-post","status-publish","format-standard","hentry","category-c252-archivio-eventi14-252"],"_links":{"self":[{"href":"https:\/\/archivio.comune.potenza.it\/index.php?rest_route=\/wp\/v2\/posts\/6156"}],"collection":[{"href":"https:\/\/archivio.comune.potenza.it\/index.php?rest_route=\/wp\/v2\/posts"}],"about":[{"href":"https:\/\/archivio.comune.potenza.it\/index.php?rest_route=\/wp\/v2\/types\/post"}],"author":[{"embeddable":true,"href":"https:\/\/archivio.comune.potenza.it\/index.php?rest_route=\/wp\/v2\/users\/1"}],"replies":[{"embeddable":true,"href":"https:\/\/archivio.comune.potenza.it\/index.php?rest_route=%2Fwp%2Fv2%2Fcomments&post=6156"}],"version-history":[{"count":0,"href":"https:\/\/archivio.comune.potenza.it\/index.php?rest_route=\/wp\/v2\/posts\/6156\/revisions"}],"wp:attachment":[{"href":"https:\/\/archivio.comune.potenza.it\/index.php?rest_route=%2Fwp%2Fv2%2Fmedia&parent=6156"}],"wp:term":[{"taxonomy":"category","embeddable":true,"href":"https:\/\/archivio.comune.potenza.it\/index.php?rest_route=%2Fwp%2Fv2%2Fcategories&post=6156"},{"taxonomy":"post_tag","embeddable":true,"href":"https:\/\/archivio.comune.potenza.it\/index.php?rest_route=%2Fwp%2Fv2%2Ftags&post=6156"}],"curies":[{"name":"wp","href":"https:\/\/api.w.org\/{rel}","templated":true}]}}