{"id":6421,"date":"2012-12-17T14:00:00","date_gmt":"2012-12-17T13:00:00","guid":{"rendered":"http:\/\/archivio.comune.potenza.it\/comune_wp\/?p=6421"},"modified":"2012-12-17T14:00:00","modified_gmt":"2012-12-17T13:00:00","slug":"piccolo-teatro-di-milano-teatro-d-europa","status":"publish","type":"post","link":"https:\/\/archivio.comune.potenza.it\/?p=6421","title":{"rendered":"Piccolo Teatro di Milano &#8211; Teatro d&#8217;Europa"},"content":{"rendered":"<p><img decoding=\"async\" src=\"images\/multimediali_new\/eventi-e-manifestazioni\/2012\/12\/cupiello.jpg\" border=\"0\" style=\"margin: 10px; float: left; border: 0px;\" \/><strong>\u00a0&#8220;Natale in casa Cupiello&#8221;<\/strong><\/p>\n<p>28 Dicembre,\u00a0 ore 21.00<\/p>\n<p>Potenza,\u00a0 Teatro F. Stabile<\/p>\n<p style=\"text-align: justify;\">di Eduardo De Filippo, regia e adattamento Fausto Russo Alesi<\/p>\n<p>  <!--more-->  <\/p>\n<p style=\"text-align: justify;\">\u00a0<\/p>\n<p style=\"text-align: justify;\">scene Marco Rossi <br \/>luci Claudio De Pace <br \/>musiche Giovanni Vitaletti <br \/>con Fausto Russo Alesi <br \/>aiuto regia Giorgio Sangati<\/p>\n<p style=\"text-align: justify;\">\u00c8 con gioia, paura, emozionata curiosit\u00e0 ed una buona dose di follia, che mi avventuro alla scoperta del teatro di Eduardo De Filippo.<\/p>\n<p style=\"text-align: justify;\">\u00c8 da molto tempo che coltivo il desiderio di accostarmi a questo grande attore-autore-regista e al suo patrimonio drammaturgico e Natale in casa Cupiello, in questa versione solitaria, mi \u00e8 sembrato un modo possibile, una chiave d\u2019accesso per incontrare la sua arte e il suo linguaggio. \u00c8 difficile definire Natale in casa Cupiello, perch\u00e9 \u00e8 un testo semplice e complesso allo stesso tempo. Semplice perch\u00e9 popolare, familiare e complesso perch\u00e9 umano, realistico s\u00ec, ma soprattutto metaforico. Quando leggo Natale in casa Cupiello, ho la sensazione di trovarmi davanti ad un meraviglioso spartito musicale, un vibrante veicolo di comunicazione, profondit\u00e0 e poesia.<\/p>\n<p style=\"text-align: justify;\">\u00c8 incredibile, a soli 31 anni Eduardo recitava la parte del vecchio padre di famiglia, antieroe-bambino, Luca Cupiello, personaggio che avrebbe interpretato credo quasi fino agli ottant\u2019anni. \u00c8 come se con questo personaggio lui ci avesse raccontato una parabola sulla vita. Questa \u00e8 oltre tutto un\u2019opera di scambio tra generazioni a confronto. E fu Eduardo stesso che arriv\u00f2 a affermare che il punto di arrivo dell\u2019uomo \u00e8 la nascita, mentre il punto di partenza dal mondo e punto di partenza per le nuove generazioni \u00e8 la morte. <br \/>Ed \u00e8 da qui che io voglio partire: dalla malinconia di un\u2019assenza. In casa Cupiello scorre appunto la vita: la vita di una famiglia, la vita del teatro, le fatiche, la ricerca di una felicit\u00e0 e di una bellezza fuori della quotidianit\u00e0. Anche se la cifra \u00e8 quella della leggerezza e dell\u2019ironia, dal testo emerge una vena piuttosto amara e desolante. Ci viene presentata una casa misera, distrutta, inguaiata, sotto sopra, gelata, quasi terremotata; ed \u00e8 Luca che definisce sua moglie Concetta, la regina della casa, come: \u201cVecchia, aspra e nemica\u201d. \u00c8 una famiglia la cui identit\u00e0 \u00e8 alquanto precaria, non si dialoga pi\u00f9 veramente ma si monologa, ed \u00e8 per questo che credo nella sfida di attraversare questa storia in solitudine. E vorrei che questo effetto straniante di vedere un unico attore posseduto da tutte queste voci aiutasse il pubblico a vivisezionare le tematiche bellissime della tragicommedia.<\/p>\n<p style=\"text-align: justify;\">I personaggi si amano, si giudicano, sbagliano, sono ambigui, gelosi, trasgrediscono; incapaci di parlarsi apertamente si nutrono di finzione, pronti a negare la realt\u00e0 e a non accettare la verit\u00e0, vivono di proiezioni, non detti, coperture di chi sa, ignoranza di chi non sa e omertosa solidariet\u00e0 e quella che dovrebbe essere la casa delle relazioni tra gli uomini, finisce per diventare il primo luogo della mancanza di reale comunicazione.<\/p>\n<p style=\"text-align: justify;\">Ho scelto di utilizzare il mio corpo come unico strumento per suonare questo dramma dell\u2019io e della solitudine, immaginando uno spettacolo d\u2019evocazione tra il sonno e la veglia, tra la vita e la morte, tra lucidit\u00e0 e delirio, tra memoria e presente, tra il palcoscenico e la platea, ossessionato dalle domande: \u201cTe piace o Presebbio?\u201d, \u201cAddo\u2019 sta\u2019 o Presepio?<\/p>\n<p><BR><A HREF =\"attachments\/article\/7149\/Locandina.pdf\" title=\"Locandina.pdf\" target=\"_blank\" >Locandina.pdf<\/A><BR><A HREF =\"attachments\/article\/7149\/comunicato stampa spettacolo NATALE IN CASA CUPIELLO.pdf\" title=\"comunicato stampa spettacolo NATALE IN CASA CUPIELLO.pdf\" target=\"_blank\" >comunicato stampa spettacolo NATALE IN CASA CUPIELLO.pdf<\/A><BR><A HREF =\"attachments\/article\/7149\/foto1.jpg\" title=\"foto1.jpg\" target=\"_blank\" >foto1.jpg<\/A><\/p>\n","protected":false},"excerpt":{"rendered":"<p>\u00a0&#8220;Natale in casa Cupiello&#8221; 28 Dicembre,\u00a0 ore 21.00 Potenza,\u00a0 Teatro F. Stabile di Eduardo De Filippo, regia e adattamento Fausto Russo Alesi<\/p>\n","protected":false},"author":1,"featured_media":0,"comment_status":"closed","ping_status":"closed","sticky":false,"template":"single-sidebar.php","format":"standard","meta":{"footnotes":""},"categories":[83],"tags":[],"class_list":["post-6421","post","type-post","status-publish","format-standard","hentry","category-c252-archivio-eventi14-252"],"_links":{"self":[{"href":"https:\/\/archivio.comune.potenza.it\/index.php?rest_route=\/wp\/v2\/posts\/6421"}],"collection":[{"href":"https:\/\/archivio.comune.potenza.it\/index.php?rest_route=\/wp\/v2\/posts"}],"about":[{"href":"https:\/\/archivio.comune.potenza.it\/index.php?rest_route=\/wp\/v2\/types\/post"}],"author":[{"embeddable":true,"href":"https:\/\/archivio.comune.potenza.it\/index.php?rest_route=\/wp\/v2\/users\/1"}],"replies":[{"embeddable":true,"href":"https:\/\/archivio.comune.potenza.it\/index.php?rest_route=%2Fwp%2Fv2%2Fcomments&post=6421"}],"version-history":[{"count":0,"href":"https:\/\/archivio.comune.potenza.it\/index.php?rest_route=\/wp\/v2\/posts\/6421\/revisions"}],"wp:attachment":[{"href":"https:\/\/archivio.comune.potenza.it\/index.php?rest_route=%2Fwp%2Fv2%2Fmedia&parent=6421"}],"wp:term":[{"taxonomy":"category","embeddable":true,"href":"https:\/\/archivio.comune.potenza.it\/index.php?rest_route=%2Fwp%2Fv2%2Fcategories&post=6421"},{"taxonomy":"post_tag","embeddable":true,"href":"https:\/\/archivio.comune.potenza.it\/index.php?rest_route=%2Fwp%2Fv2%2Ftags&post=6421"}],"curies":[{"name":"wp","href":"https:\/\/api.w.org\/{rel}","templated":true}]}}