{"id":6682,"date":"2013-01-07T12:39:53","date_gmt":"2013-01-07T11:39:53","guid":{"rendered":"http:\/\/archivio.comune.potenza.it\/comune_wp\/?p=6682"},"modified":"2013-01-07T12:39:53","modified_gmt":"2013-01-07T11:39:53","slug":"leonardo-e-la-pace","status":"publish","type":"post","link":"https:\/\/archivio.comune.potenza.it\/?p=6682","title":{"rendered":"Leonardo e La Pace"},"content":{"rendered":"<p style=\"text-align: justify;\"><strong><img decoding=\"async\" src=\"images\/multimediali_new\/eventi-e-manifestazioni\/2013\/1\/leonardo.jpg\" border=\"0\" style=\"margin: 10px; float: left; border: 0px;\" \/>Una visita lucana per Carlo Pedretti<\/strong><br \/>Dopo circa due anni di attesa, il Museo delle Antiche Genti di Lucania e l\u2019Accademia del Rinascimento, sono riusciti ad ottenere la presenza in Basilicata del maggiore studioso di Leonardo da Vinci al mondo, il<strong> Prof. Carlo Pedretti, Direttore dell\u2019Armand Hammer Center for Leonardo Studies presso l\u2019Universit\u00e0 della California a Los Angeles.<\/strong><\/p>\n<p style=\"text-align: justify;\">Il primo incontro, con l\u2019illustrissimo studioso, \u00e8 previsto nella mattinata del giorno 11 gennaio presso il Museo delle Antiche Genti di Lucania, dove sar\u00e0 illustrato a giornalisti e personalit\u00e0 accademiche il recente approfondimento sulle tematiche leonardiane in ordine alla pace. Nel pomeriggio dello stesso giorno, il Prof. Pedretti si recher\u00e0, insieme al Prof. Rocco Sinisgalli, al Teatro Stabile di Potenza, dove saranno celebrati gli atti di presentazione del p<strong>rezioso volume \u201cUt Pictura Poesis. Per una storia delle arti visive\u201d<\/strong>, la magnifica raccolta degli atti del convegno Ars Poetica, Quinto Orazio Flacco del 20-23 Settembre 2010 Roma &#8211; Accademia di Danimarca; Venosa &#8211; Castello Aragonese\u00a0 a cura di Rocco Sinisgalli, 464 pagine, formato 17\/24, a colori, CB Edizioni.<\/p>\n<p style=\"text-align: justify;\">Nella mattinata del giorno 12, lo studioso vinciano consumer\u00e0 a Vaglio una dotta lezione sul pensiero di Leonardo in ordine alla musica, ed al termine saranno consegnati due prestigiosi riconoscimenti: al Prof. Pedretti sar\u00e0 rimesso un attestato per il prezioso contributo alla conoscenza del genio vinciano, e al poeta e cantante Pino Mango, spetter\u00e0 invece il 1\u00b0 premio letterario \u201cMephitis\u201d.<\/p>\n<p><BR><A HREF =\"attachments\/article\/7414\/Invito Conferenza.pdf\" title=\"Invito Conferenza.pdf\" target=\"_blank\" >Invito Conferenza.pdf<\/A><BR><A HREF =\"attachments\/article\/7414\/Locandina.pdf\" title=\"Locandina.pdf\" target=\"_blank\" >Locandina.pdf<\/A><BR><A HREF =\"attachments\/article\/7414\/Programma Eventi .pdf\" title=\"Programma Eventi .pdf\" target=\"_blank\" >Programma Eventi .pdf<\/A><\/p>\n","protected":false},"excerpt":{"rendered":"<p>Una visita lucana per Carlo PedrettiDopo circa due anni di attesa, il Museo delle Antiche Genti di Lucania e l\u2019Accademia del Rinascimento, sono riusciti ad &#8230; <\/p>\n","protected":false},"author":1,"featured_media":0,"comment_status":"closed","ping_status":"closed","sticky":false,"template":"single-sidebar.php","format":"standard","meta":{"footnotes":""},"categories":[83],"tags":[],"class_list":["post-6682","post","type-post","status-publish","format-standard","hentry","category-c252-archivio-eventi14-252"],"_links":{"self":[{"href":"https:\/\/archivio.comune.potenza.it\/index.php?rest_route=\/wp\/v2\/posts\/6682"}],"collection":[{"href":"https:\/\/archivio.comune.potenza.it\/index.php?rest_route=\/wp\/v2\/posts"}],"about":[{"href":"https:\/\/archivio.comune.potenza.it\/index.php?rest_route=\/wp\/v2\/types\/post"}],"author":[{"embeddable":true,"href":"https:\/\/archivio.comune.potenza.it\/index.php?rest_route=\/wp\/v2\/users\/1"}],"replies":[{"embeddable":true,"href":"https:\/\/archivio.comune.potenza.it\/index.php?rest_route=%2Fwp%2Fv2%2Fcomments&post=6682"}],"version-history":[{"count":0,"href":"https:\/\/archivio.comune.potenza.it\/index.php?rest_route=\/wp\/v2\/posts\/6682\/revisions"}],"wp:attachment":[{"href":"https:\/\/archivio.comune.potenza.it\/index.php?rest_route=%2Fwp%2Fv2%2Fmedia&parent=6682"}],"wp:term":[{"taxonomy":"category","embeddable":true,"href":"https:\/\/archivio.comune.potenza.it\/index.php?rest_route=%2Fwp%2Fv2%2Fcategories&post=6682"},{"taxonomy":"post_tag","embeddable":true,"href":"https:\/\/archivio.comune.potenza.it\/index.php?rest_route=%2Fwp%2Fv2%2Ftags&post=6682"}],"curies":[{"name":"wp","href":"https:\/\/api.w.org\/{rel}","templated":true}]}}