{"id":6689,"date":"2013-02-15T20:00:00","date_gmt":"2013-02-15T19:00:00","guid":{"rendered":"http:\/\/archivio.comune.potenza.it\/comune_wp\/?p=6689"},"modified":"2013-02-15T20:00:00","modified_gmt":"2013-02-15T19:00:00","slug":"senza-titolo","status":"publish","type":"post","link":"https:\/\/archivio.comune.potenza.it\/?p=6689","title":{"rendered":"&#8220;Senza Titolo&#8221;"},"content":{"rendered":"<p><strong><img decoding=\"async\" src=\"images\/multimediali_new\/eventi-e-manifestazioni\/2013\/1\/senza-titolo.jpg\" border=\"0\" style=\"margin: 10px; float: left; border: 0px;\" \/>Collettiva di pittura e scultura<\/strong><\/p>\n<p>Dal 12 gennaio 15 febbraio 2013<\/p>\n<p>Atrio Palazzo di Citt\u00e0, piazza G. Matteotti<\/p>\n<p>  <!--more-->  <\/p>\n<p style=\"text-align: justify;\">\u00a0L&#8217;evento, organizzato dalle artiste Anna Corrado e Katia Stain si avvale del patrocinio del Comune di Potenza. Una ventina di opere realizzate dalle stesse Corrado, Stain e altre quattro artiste: Tina De Stefano, Pompea Di Stefano, Maria Grazia Montesano, Giulia Valentino.<br \/>Sei dimensioni, sei sguardi sulla e oltre la realt\u00e0, sei contributi delle donne all&#8217;Arte accomunate dal talento espressivo, ma diverse nelle esperienze.\u00a0 La mostra vuole raccogliere le percezioni del mondo rielaborate dalle creatrici ed offrire la possibilit\u00e0 del confronto tra sensibilit\u00e0, tecniche e trasporti emotivi.<br \/>&#8220;Senza Titolo&#8221; perch\u00e9 si \u00e8 voluto rendere libere le artiste di esprimersi sulle tematiche a loro pi\u00f9 care, perch\u00e9 ciascuno \u00e8 portavoce del proprio valore personale, del tema portante della propria vita, della propria Arte, che diventa spesso missione di vita.<\/p>\n<p><BR><A HREF =\"attachments\/article\/7421\/Locandina.jpg\" title=\"Locandina.jpg\" target=\"_blank\" >Locandina.jpg<\/A><\/p>\n","protected":false},"excerpt":{"rendered":"<p>Collettiva di pittura e scultura Dal 12 gennaio 15 febbraio 2013 Atrio Palazzo di Citt\u00e0, piazza G. Matteotti<\/p>\n","protected":false},"author":1,"featured_media":0,"comment_status":"closed","ping_status":"closed","sticky":false,"template":"single-sidebar.php","format":"standard","meta":{"footnotes":""},"categories":[83],"tags":[],"class_list":["post-6689","post","type-post","status-publish","format-standard","hentry","category-c252-archivio-eventi14-252"],"_links":{"self":[{"href":"https:\/\/archivio.comune.potenza.it\/index.php?rest_route=\/wp\/v2\/posts\/6689"}],"collection":[{"href":"https:\/\/archivio.comune.potenza.it\/index.php?rest_route=\/wp\/v2\/posts"}],"about":[{"href":"https:\/\/archivio.comune.potenza.it\/index.php?rest_route=\/wp\/v2\/types\/post"}],"author":[{"embeddable":true,"href":"https:\/\/archivio.comune.potenza.it\/index.php?rest_route=\/wp\/v2\/users\/1"}],"replies":[{"embeddable":true,"href":"https:\/\/archivio.comune.potenza.it\/index.php?rest_route=%2Fwp%2Fv2%2Fcomments&post=6689"}],"version-history":[{"count":0,"href":"https:\/\/archivio.comune.potenza.it\/index.php?rest_route=\/wp\/v2\/posts\/6689\/revisions"}],"wp:attachment":[{"href":"https:\/\/archivio.comune.potenza.it\/index.php?rest_route=%2Fwp%2Fv2%2Fmedia&parent=6689"}],"wp:term":[{"taxonomy":"category","embeddable":true,"href":"https:\/\/archivio.comune.potenza.it\/index.php?rest_route=%2Fwp%2Fv2%2Fcategories&post=6689"},{"taxonomy":"post_tag","embeddable":true,"href":"https:\/\/archivio.comune.potenza.it\/index.php?rest_route=%2Fwp%2Fv2%2Ftags&post=6689"}],"curies":[{"name":"wp","href":"https:\/\/api.w.org\/{rel}","templated":true}]}}