{"id":6705,"date":"2013-01-18T20:00:00","date_gmt":"2013-01-18T19:00:00","guid":{"rendered":"http:\/\/archivio.comune.potenza.it\/comune_wp\/?p=6705"},"modified":"2013-01-18T20:00:00","modified_gmt":"2013-01-18T19:00:00","slug":"v-conferenza-cittadina-sulla-scuola","status":"publish","type":"post","link":"https:\/\/archivio.comune.potenza.it\/?p=6705","title":{"rendered":"V conferenza cittadina sulla scuola"},"content":{"rendered":"<p><strong><img decoding=\"async\" src=\"images\/multimediali_new\/eventi-e-manifestazioni\/2013\/1\/scuola.jpg\" border=\"0\" style=\"margin: 10px; float: left; border: 0px;\" \/>Istituto comprensivo &#8230; per la qualit\u00e0 della scuola di base<\/strong><\/p>\n<p>Venerd\u00ec 18 gennaio 2013, ore 16.00<\/p>\n<p>Aula Magna, Universit\u00e0 degli Studi della Basilicata, Via N. Sauro &#8211; Potenza<\/p>\n","protected":false},"excerpt":{"rendered":"<p>Istituto comprensivo &#8230; per la qualit\u00e0 della scuola di base Venerd\u00ec 18 gennaio 2013, ore 16.00 Aula Magna, Universit\u00e0 degli Studi della Basilicata, Via N. &#8230; <\/p>\n","protected":false},"author":1,"featured_media":0,"comment_status":"closed","ping_status":"closed","sticky":false,"template":"single-sidebar.php","format":"standard","meta":{"footnotes":""},"categories":[83],"tags":[],"class_list":["post-6705","post","type-post","status-publish","format-standard","hentry","category-c252-archivio-eventi14-252"],"_links":{"self":[{"href":"https:\/\/archivio.comune.potenza.it\/index.php?rest_route=\/wp\/v2\/posts\/6705"}],"collection":[{"href":"https:\/\/archivio.comune.potenza.it\/index.php?rest_route=\/wp\/v2\/posts"}],"about":[{"href":"https:\/\/archivio.comune.potenza.it\/index.php?rest_route=\/wp\/v2\/types\/post"}],"author":[{"embeddable":true,"href":"https:\/\/archivio.comune.potenza.it\/index.php?rest_route=\/wp\/v2\/users\/1"}],"replies":[{"embeddable":true,"href":"https:\/\/archivio.comune.potenza.it\/index.php?rest_route=%2Fwp%2Fv2%2Fcomments&post=6705"}],"version-history":[{"count":0,"href":"https:\/\/archivio.comune.potenza.it\/index.php?rest_route=\/wp\/v2\/posts\/6705\/revisions"}],"wp:attachment":[{"href":"https:\/\/archivio.comune.potenza.it\/index.php?rest_route=%2Fwp%2Fv2%2Fmedia&parent=6705"}],"wp:term":[{"taxonomy":"category","embeddable":true,"href":"https:\/\/archivio.comune.potenza.it\/index.php?rest_route=%2Fwp%2Fv2%2Fcategories&post=6705"},{"taxonomy":"post_tag","embeddable":true,"href":"https:\/\/archivio.comune.potenza.it\/index.php?rest_route=%2Fwp%2Fv2%2Ftags&post=6705"}],"curies":[{"name":"wp","href":"https:\/\/api.w.org\/{rel}","templated":true}]}}