{"id":6719,"date":"2013-01-16T07:33:12","date_gmt":"2013-01-16T06:33:12","guid":{"rendered":"http:\/\/archivio.comune.potenza.it\/comune_wp\/?p=6719"},"modified":"2013-01-16T07:33:12","modified_gmt":"2013-01-16T06:33:12","slug":"presentazione-master","status":"publish","type":"post","link":"https:\/\/archivio.comune.potenza.it\/?p=6719","title":{"rendered":"Presentazione Master e Progetto pilota"},"content":{"rendered":"<p><img decoding=\"async\" src=\"images\/multimediali_new\/eventi-e-manifestazioni\/2013\/1\/mediazione.jpg\" border=\"0\" style=\"margin: 10px; float: left; border: 0px;\" \/><\/p>\n<p>2\u00b0 edizione Master in <strong>Mediazione Umanistica dei Conflitti e Mediazione Familiare <\/strong><\/p>\n<p>Progetto pilota <strong>&#8220;Giardino dell&#8217;arte della mediazione&#8221;<\/strong><br \/>31 Gennaio 2013, ore 17.30<\/p>\n<p>Sala conferenze, museo archeologico provinciale, via Lazio &#8211; Potenza\u00a0<\/p>\n<p style=\"text-align: justify;\">Il master\u00a0avr\u00e0 inizio il 2 Marzo 2013;\u00a0rappresenta un percorso fortemente innovativo e professionalizzante; \u00e8 l&#8217;unico Master in Italia che consente di conseguire questi 2 titoli (Mediatore Familiare e Mediatore Umanistico Modello J.Morineau, in ambito penale, sociale, culturale,scolastico) con un unico percorso formativo-esperenziale di altissimo livello.<\/p>\n<p>  <!--more-->  <\/p>\n<p style=\"text-align: justify;\">Quella del mediatore \u00e8 una professione eclettica, che, oggi pi\u00f9 che mai, ha urgente bisogno di una qualificata formazione post laurea; \u00e8 indispensabile un percorso altamente qualificato ed esperenziale che offra l&#8217;opportunit\u00e0 di poter lavorare su s\u00e8 stessi e di acquisire competenze relazionali,economico-giuridico e di gestione costruttiva del conflitto che consentano al mediatore di poter accompagnare le persone verso un sano cambiamento ed una rigenerazione della relazione con s\u00e8 stessi e con l&#8217;altro.<\/p>\n<p style=\"text-align: justify;\">Il mediatore familiare pu\u00f2 lavorare, da solo o in co-mediazione, come libero professionista, o presso cooperative sociali,associazioni, studi professionali o nel servizio pubblico \u2013 in alcune regioni sono stati attivati centri pubblici di mediazione familiare \u2013 all\u2019interno dei servizi comunali o delle Asl.<br \/>Il mediatori umanistici dei conflitti (formati secondo il Metodo Umanistico della prof.ssa Jacqueline Morineau, che ha fondato nel 1984 e diretto a Parigi, il CMFM &#8211; Centre de M\u00e9diation et de Formation \u00e0 la M\u00e9diation, il primo centro europeo di mediazione penale) potranno operare come liberi professionisti in equip\u00e8 in ambito penale, familiare, sociale, culturale, scolastico o come mediatori penali presso centri di Mediazione Penale e Giustizia Riparativa.<\/p>\n<p style=\"text-align: justify;\">Info: Studio IRIS srl &#8211; Formazione e Mediazione dei Conflitti, Viale dell&#8217;Ateneo Lucano n.3 &#8211; Potenza, Tel. 328.8779192 &#8211; 370.7160048\u00a0 &#8211; Fax 0971.1940606 &#8211; Pec: <a href=\"mailto:studioiris.adr@pec.it\">studioiris.adr@pec.it<\/a> &#8211; Skype: studioiris.mediazione<br \/><a href=\"http:\/\/www.mediazioneiris.com\/\">www.mediazioneiris.com<\/a><\/p>\n<p style=\"text-align: justify;\">\u00a0<\/p>\n<p><BR><A HREF =\"attachments\/article\/7451\/MasterMediazioneUmanistica e MF-StudioIRIS srl  2\n\n\n<\/p>\n","protected":false},"excerpt":{"rendered":"<p>2\u00b0 edizione Master in Mediazione Umanistica dei Conflitti e Mediazione Familiare Progetto pilota &#8220;Giardino dell&#8217;arte della mediazione&#8221;31 Gennaio 2013, ore 17.30 Sala conferenze, museo archeologico &#8230; <\/p>\n","protected":false},"author":1,"featured_media":0,"comment_status":"closed","ping_status":"closed","sticky":false,"template":"single-sidebar.php","format":"standard","meta":{"footnotes":""},"categories":[83],"tags":[],"class_list":["post-6719","post","type-post","status-publish","format-standard","hentry","category-c252-archivio-eventi14-252"],"_links":{"self":[{"href":"https:\/\/archivio.comune.potenza.it\/index.php?rest_route=\/wp\/v2\/posts\/6719"}],"collection":[{"href":"https:\/\/archivio.comune.potenza.it\/index.php?rest_route=\/wp\/v2\/posts"}],"about":[{"href":"https:\/\/archivio.comune.potenza.it\/index.php?rest_route=\/wp\/v2\/types\/post"}],"author":[{"embeddable":true,"href":"https:\/\/archivio.comune.potenza.it\/index.php?rest_route=\/wp\/v2\/users\/1"}],"replies":[{"embeddable":true,"href":"https:\/\/archivio.comune.potenza.it\/index.php?rest_route=%2Fwp%2Fv2%2Fcomments&post=6719"}],"version-history":[{"count":0,"href":"https:\/\/archivio.comune.potenza.it\/index.php?rest_route=\/wp\/v2\/posts\/6719\/revisions"}],"wp:attachment":[{"href":"https:\/\/archivio.comune.potenza.it\/index.php?rest_route=%2Fwp%2Fv2%2Fmedia&parent=6719"}],"wp:term":[{"taxonomy":"category","embeddable":true,"href":"https:\/\/archivio.comune.potenza.it\/index.php?rest_route=%2Fwp%2Fv2%2Fcategories&post=6719"},{"taxonomy":"post_tag","embeddable":true,"href":"https:\/\/archivio.comune.potenza.it\/index.php?rest_route=%2Fwp%2Fv2%2Ftags&post=6719"}],"curies":[{"name":"wp","href":"https:\/\/api.w.org\/{rel}","templated":true}]}}