{"id":7053,"date":"2013-03-14T12:22:37","date_gmt":"2013-03-14T11:22:37","guid":{"rendered":"http:\/\/archivio.comune.potenza.it\/comune_wp\/?p=7053"},"modified":"2013-03-14T12:22:37","modified_gmt":"2013-03-14T11:22:37","slug":"fiore-pd-su-variazioni-trasporto-pubblico-a-poggio-tre-galli-2","status":"publish","type":"post","link":"https:\/\/archivio.comune.potenza.it\/?p=7053","title":{"rendered":"Fiore (Pd) su variazioni trasporto pubblico a Poggio Tre Galli"},"content":{"rendered":"<p style=\"text-align: justify;\" align=\"center\"><span style=\"line-height: 1.3em;\">Da poco pi\u00f9 di un mese la citt\u00e0 di Potenza si \u00e8 dotata di un nuovo piano di esercizio del trasporto pubblico, avviato in via sperimentale, e che contempera ed interconnette le diverse tipologie di trasporto presenti in citt\u00e0 (meccanizzato e su gomma) e i nuovi impianti di sosta di viale dell\u2019Unicef ed il terminal bus di viale del Basento.<\/span><span style=\"line-height: 1.3em;\">Ho chiesto ai responsabili della SAT, societ\u00e0 di supporto all\u2019ufficio mobilit\u00e0 del Comune di Potenza, di apportare alcune modifiche al nuovo piano di esercizio del trasporto pubblico della citt\u00e0 di Potenza.<\/span><span style=\"line-height: 1.3em;\">In particolare ho sollecitato di rivedere alcuni tratti della linea relativa al quartiere Poggio Tre Galli che nel nuovo piano sale verso via Parigi all\u2019incrocio con l\u2019ex via Adriatico numeri dispari per poi svoltare a sinistra verso via Copenaghen e via Londra e dirigersi cos\u00ec verso il rione Malvaccaro.<\/span><span style=\"line-height: 1.3em;\">Le modifiche richieste prevedono il proseguimento della suddetta linea lungo tutta l\u2019ex via Adriatico numeri dispari, la svolta a sinistra salendo verso Via Lisbona per poi scendere imboccando Via Parigi e ancora via Copenaghen, Via Londra e Malvaccaro.<\/span><span style=\"line-height: 1.3em;\">Ho altres\u00ec manifestato l\u2019opportunit\u00e0 di prolungare lungo le cooperative dell\u2019ex Via Adriatico numeri pari, il percorso della navetta di collegamento con l\u2019impianto meccanizzato di Santa Lucia.<\/span><span style=\"line-height: 1.3em;\">Tali richieste sono state formulate al fine di rendere maggiormente fruibile il servizio di trasporto pubblico consentendo ai cittadini dell\u2019intero rione Poggio Tre Galli e delle popolose zone di espansione di raggiungere facilmente e agevolmente le fermate del bus urbano e della navetta di collegamento con le scale mobili Santa Lucia senza dove percorrere lunghi tratti a piedi. Inoltre con tali modifiche viene posta un\u2019adeguata attenzione alla popolosa zona di Via Lisbona attualmente non servita da alcun passaggio di mezzi pubblici.<\/span><span style=\"line-height: 1.3em;\">Sono certo che nelle modifiche al piano di esercizio del trasporto pubblico saranno recepite le indicazioni formulate.<\/span><\/p>\n<p>\u00a0<\/p>\n","protected":false},"excerpt":{"rendered":"<p>Da poco pi\u00f9 di un mese la citt\u00e0 di Potenza si \u00e8 dotata di un nuovo piano di esercizio del trasporto pubblico, avviato in via &#8230; <\/p>\n","protected":false},"author":1,"featured_media":0,"comment_status":"closed","ping_status":"closed","sticky":false,"template":"single-sidebar.php","format":"standard","meta":{"footnotes":""},"categories":[384],"tags":[],"class_list":["post-7053","post","type-post","status-publish","format-standard","hentry","category-c243-comunicati-stampa-dei-consiglieri-243"],"_links":{"self":[{"href":"https:\/\/archivio.comune.potenza.it\/index.php?rest_route=\/wp\/v2\/posts\/7053"}],"collection":[{"href":"https:\/\/archivio.comune.potenza.it\/index.php?rest_route=\/wp\/v2\/posts"}],"about":[{"href":"https:\/\/archivio.comune.potenza.it\/index.php?rest_route=\/wp\/v2\/types\/post"}],"author":[{"embeddable":true,"href":"https:\/\/archivio.comune.potenza.it\/index.php?rest_route=\/wp\/v2\/users\/1"}],"replies":[{"embeddable":true,"href":"https:\/\/archivio.comune.potenza.it\/index.php?rest_route=%2Fwp%2Fv2%2Fcomments&post=7053"}],"version-history":[{"count":0,"href":"https:\/\/archivio.comune.potenza.it\/index.php?rest_route=\/wp\/v2\/posts\/7053\/revisions"}],"wp:attachment":[{"href":"https:\/\/archivio.comune.potenza.it\/index.php?rest_route=%2Fwp%2Fv2%2Fmedia&parent=7053"}],"wp:term":[{"taxonomy":"category","embeddable":true,"href":"https:\/\/archivio.comune.potenza.it\/index.php?rest_route=%2Fwp%2Fv2%2Fcategories&post=7053"},{"taxonomy":"post_tag","embeddable":true,"href":"https:\/\/archivio.comune.potenza.it\/index.php?rest_route=%2Fwp%2Fv2%2Ftags&post=7053"}],"curies":[{"name":"wp","href":"https:\/\/api.w.org\/{rel}","templated":true}]}}