{"id":7060,"date":"2013-03-16T11:51:57","date_gmt":"2013-03-16T10:51:57","guid":{"rendered":"http:\/\/archivio.comune.potenza.it\/comune_wp\/?p=7060"},"modified":"2013-03-16T11:51:57","modified_gmt":"2013-03-16T10:51:57","slug":"imbesi-pdl-su-risposta-assessore-su-scalinata-via-maratea","status":"publish","type":"post","link":"https:\/\/archivio.comune.potenza.it\/?p=7060","title":{"rendered":"Imbesi (Pdl) su risposta Assessore su scalinata Via Maratea"},"content":{"rendered":"<div style=\"text-align: justify;\">Il VicePresidente del Consiglio Comunale di Potenza, Antonino Imbesi, in una nota, ha dichiarato di essere sconcertato dalla risposta scritta ricevuta ieri dall\u2019Assessorato alla Viabilit\u00e0 alla propria Interpellanza relativa alla scalinata di via Maratea.&#8221;Se da un lato \u2013 ha detto il VicePresidente \u2013 devo ancora una volta dare merito all\u2019Assessore Pesarini di essere uno dei pochissimi ad essere estremamente corretto ed a rispondere in genere con la dovuta e necessaria celerit\u00e0 a tutti i tantissimi atti amministrativi che gli sottopongo (molti Assessori infatti non rispondono neppure alle Interpellanze ed alle Interrogazioni a loro rivolte o lo fanno dopo molti mesi\u2026), dall\u2019altro lato devo dire che stavolta la risposta ottenuta alla mia interpellanza del 7 marzo mi ha lasciato davvero perplesso\u2026\u201dImbesi ha chiarito che\u00a0 aveva segnalato, con tanto di accurato resoconto fotografico, una situazione di assoluta precariet\u00e0 della pavimentazione sulla indicata scalinata chiedendo un immediato intervento.&#8221;L\u2019Assessorato alla Viabilit\u00e0 (unico tra i tanti Assessorati a cui la interpellanza urgente era stata inviata per sollecitare azioni di ripristino e pulizia ad aver almeno sentito il dovere di accertarsi rapidamente della segnalazione) ha per\u00f2 risposto che, pur avendo i tecnici comunali verificato che lo stato della manutenzione fosse davvero nelle condizioni in cui veniva da me presentato, la pavimentazione divelta non rappresenterebbe un pericolo per la pubblica incolumit\u00e0 in quanto le dimensioni della scalinata consentirebbero a chi la percorre di scansare i tratti privi di pavimentazione\u2026!! Questa risposta \u00e8 decisamente inaccettabile! \u2013 ci ha tenuto a sottolineare il VicePresidente \u2013 Equivale, infatti, ad un invito alla cittadinanza a fare gli slalom nelle zone divelte anzich\u00e9 assumere la responsabilit\u00e0 di un &lt;&lt;necessario&gt;&gt; intervento di manutenzione! Sono davvero stupito e sbalordito dalla motivazione addotta per non attivare subito un intervento manutentivo dal costo di poche centinaia di euro\u2026 Ormai siamo combinati peggio che nella &lt;&lt;Repubblica delle banane&gt;&gt;: da un lato qualche nostro Amministratore non risponde alle segnalazioni facendo finta che &lt;&lt;tutto va bene madama la marchesa&gt;&gt; mentre dall\u2019altro qualcun altro si arrampica sui muri e trova cervellotiche spiegazioni per non intervenire\u2026 Insomma siamo davvero allo sbando pi\u00f9 totale!! \u00a0Fare gli Amministratori di questi tempi \u00e8 decisamente difficile (cosa che va sicuramente riconosciuta per obiettivit\u00e0 di giudizio\u2026), ma l\u2019operato di questa Giunta \u00e8 indiscutibilmente il peggiore che questa citt\u00e0 potesse auspicare\u2026\u201dImbesi ha poi concluso facendo conoscere la restante parte della risposta dell\u2019Assessorato.\u201cPer termianre il ragionamento in modo che tutti possano farsene una idea propria e non vengano influenzati dal mio modo di vedere le cose \u2013 ha spiegato Imbesi \u2013 \u00e8 giusto che sappiate che l\u2019Ufficio Comunale competente ha richiesto, per l\u2019anno 2013, ben 300.000 Euro per le manutenzioni dei percorsi stradali, ma ha tenuto a precisare che non appena sar\u00e0 nelle condizioni di disporre delle risorse necessarie far\u00e0 una lista di priorit\u00e0 per cercare di intervenire e qualora non potesse e la situazione di degrado dovesse assurgere ad un serio pericolo di incolumit\u00e0 predisporr\u00e0 la chiusura dalla gradinata! Ogni commento \u00e8 decisamente superfluo\u2026!!!!\u201d <\/p>\n<p>\u00a0<\/p>\n<\/p><\/div>\n","protected":false},"excerpt":{"rendered":"<p>Il VicePresidente del Consiglio Comunale di Potenza, Antonino Imbesi, in una nota, ha dichiarato di essere sconcertato dalla risposta scritta ricevuta ieri dall\u2019Assessorato alla Viabilit\u00e0 &#8230; <\/p>\n","protected":false},"author":1,"featured_media":0,"comment_status":"closed","ping_status":"closed","sticky":false,"template":"single-sidebar.php","format":"standard","meta":{"footnotes":""},"categories":[384],"tags":[],"class_list":["post-7060","post","type-post","status-publish","format-standard","hentry","category-c243-comunicati-stampa-dei-consiglieri-243"],"_links":{"self":[{"href":"https:\/\/archivio.comune.potenza.it\/index.php?rest_route=\/wp\/v2\/posts\/7060"}],"collection":[{"href":"https:\/\/archivio.comune.potenza.it\/index.php?rest_route=\/wp\/v2\/posts"}],"about":[{"href":"https:\/\/archivio.comune.potenza.it\/index.php?rest_route=\/wp\/v2\/types\/post"}],"author":[{"embeddable":true,"href":"https:\/\/archivio.comune.potenza.it\/index.php?rest_route=\/wp\/v2\/users\/1"}],"replies":[{"embeddable":true,"href":"https:\/\/archivio.comune.potenza.it\/index.php?rest_route=%2Fwp%2Fv2%2Fcomments&post=7060"}],"version-history":[{"count":0,"href":"https:\/\/archivio.comune.potenza.it\/index.php?rest_route=\/wp\/v2\/posts\/7060\/revisions"}],"wp:attachment":[{"href":"https:\/\/archivio.comune.potenza.it\/index.php?rest_route=%2Fwp%2Fv2%2Fmedia&parent=7060"}],"wp:term":[{"taxonomy":"category","embeddable":true,"href":"https:\/\/archivio.comune.potenza.it\/index.php?rest_route=%2Fwp%2Fv2%2Fcategories&post=7060"},{"taxonomy":"post_tag","embeddable":true,"href":"https:\/\/archivio.comune.potenza.it\/index.php?rest_route=%2Fwp%2Fv2%2Ftags&post=7060"}],"curies":[{"name":"wp","href":"https:\/\/api.w.org\/{rel}","templated":true}]}}