{"id":7069,"date":"2013-03-17T14:36:42","date_gmt":"2013-03-17T13:36:42","guid":{"rendered":"http:\/\/archivio.comune.potenza.it\/comune_wp\/?p=7069"},"modified":"2013-03-17T14:36:42","modified_gmt":"2013-03-17T13:36:42","slug":"molinari-opp-su-assegnazione-alloggi-edilizia-pubblica-2","status":"publish","type":"post","link":"https:\/\/archivio.comune.potenza.it\/?p=7069","title":{"rendered":"Molinari (Opp) su assegnazione alloggi edilizia pubblica"},"content":{"rendered":"<p style=\"text-align: justify;\"><span class=\"s3\">&#8220;Sono insoddisfacenti le risposte che l\u2019assessore competente ha dato alle mie interrogazioni riguardo alcune gravi situazioni\u00a0<\/span><span class=\"s3\">di cui l\u2019amministrazione c<\/span><span class=\"s3\">omunale \u00e8 a conoscenza da tempo e cio\u00e8 dell\u2019occupazione abusiva di alloggi popolari e del mancato pagamento da parte, invece, di alcuni assegnatari morosi.<\/span><span class=\"s3\">\u00a0Altra questione oggetto di interrogazione \u00e8 quella relativa ai ritardi da parte dell\u2019Ater per la consegna di alloggi a circa 40 aventi diritti. Le case lasciate vuote, infatti, possono essere\u00a0<\/span><span class=\"s3\">occupate da abusivi che, come \u00e8 possibile verificare, \u00e8 difficile cacciare via con i \u2018metodi tradizionali\u2019.<\/span><span class=\"s3\">\u00a0<\/span><span class=\"s3\">Visto il p<\/span><span class=\"s3\">ersistere di tali problematiche\u00a0<\/span><span class=\"s3\">l\u2019amministrazione comunale dovrebbe pensare a nuove e pi\u00f9 incisive azioni per far rispettare la legge e tutelare cos\u00ec i diritti dei legittimi assegnatari sia di quelli che ancora aspettano che di quelli residenti negli alloggi e rispettosi delle scadenze dei pagamenti previsti per mantenere il diritto alla casa popolare\u201d.<\/span><span class=\"s3\">Cos\u00ec il consigliere comunale di Potenza Giuseppe Molinari riaccende i riflettori sulla \u201cnon pi\u00f9 tollerabile\u00a0<\/span><span class=\"s3\">violazione della legge<\/span><span class=\"s3\">,<\/span><span class=\"s3\">\u00a0tanto pi\u00f9 odiosa perch\u00e9 vi sono nella citt\u00e0 di Potenza famiglie assegnatarie oneste che attendono da anni e si sono vis<\/span><span class=\"s3\">te rubare il posto da altri i quali\u00a0<\/span><span class=\"s3\">con prep<\/span><span class=\"s3\">otenza,\u00a0<\/span><span class=\"s3\">per nulla intimoriti da eventuali ripercussioni o iniziative da part<\/span><span class=\"s3\">e dell\u2019amministrazione comunale,\u00a0<\/span><span class=\"s3\">hann<\/span><span class=\"s3\">o occupato alloggi<\/span><span class=\"s3\">. C<\/span><span class=\"s3\">\u2019\u00e8<\/span><span class=\"s3\">, inoltre,<\/span><span class=\"s3\">\u00a0chi \u00e8 moroso ormai da mol<\/span><span class=\"s3\">to tempo. Per entrambi i casi<\/span><span class=\"s3\">\u00a0posti all\u2019attenzione\u00a0<\/span><span class=\"s3\">non basta rispondere citando le leggi di riferimento. La politica<\/span><span class=\"s3\">\u00a0\u2013continua-<\/span><span class=\"s3\">\u00a0deve dare risposte alle problematiche\u00a0<\/span><span class=\"s3\">dei cittadini\u00a0<\/span><span class=\"s3\">anche impeg<\/span><span class=\"s3\">nandosi a trovare soluzioni nuove rispetto a quelle gi\u00e0 previste. Inutile dire che sono anni che si chiede di prendere provvedimenti seri, efficaci e capaci anche di disincentivare\u00a0<\/span><span class=\"s3\">gli eventuali occupanti abusivi\u201d.<\/span><span class=\"s3\">\u201c<\/span><span class=\"s3\">Per quanto riguar<\/span><span class=\"s3\">da, invece, gli alloggi di Via M<\/span><span class=\"s3\">are Egeo<\/span><span class=\"s3\">\u00a0(per famiglie numerose)<\/span><span class=\"s3\">\u00a0non ancora consegnati agli aventi diritto non \u00e8 possibile pi\u00f9 attendere i lunghi tempi della I comm<\/span><span class=\"s3\">issione provinciale alloggi<\/span><span class=\"s3\">\u00a0Ater<\/span><span class=\"s3\">\u00a0che an<\/span><span class=\"s3\">cora deve completare, da luglio<\/span><span class=\"s3\">\u00a02012,\u00a0<\/span><span class=\"s3\">la verifica dei requisiti di accesso all\u2019edilizia residenziale pubblica dei 53 plichi in<\/span><span class=\"s3\">viatigli dal Comune di Potenza.<\/span><span class=\"s3\">\u00a0Ho da tempo suggerito di istituire un tavolo tecnico tra Ater, Comune di Potenza e Prefettura per monitorare la situazione relativa agli aventi diritto. Ho, inoltre, invitato l\u2019assessore competente a scrivere una lettera<\/span><span class=\"s3\">\u00a0<\/span><span class=\"s3\">alla I commissione dell\u2019Ater.\u00a0<\/span><span class=\"s3\">L\u2019amministrazione comunale\u00a0<\/span><span class=\"s3\">\u2013conclude Molinari-\u00a0<\/span><span class=\"s3\">deve tutelare i suoi cittadini e pretendere dalla I commissione provinciale alloggi\u00a0<\/span><span class=\"s3\">tempi pi\u00f9 veloci. Sarebbe\u00a0<\/span><span class=\"s3\">interessante sapere<\/span><span class=\"s3\">\u00a0quante volte si riunisce e<\/span><span class=\"s3\">\u00a0per ogni seduta quanti plichi<\/span><span class=\"s3\">\u00a0esamina. Solo cos\u00ec<\/span><span class=\"s3\">, forse,\u00a0<\/span><span class=\"s3\">si potrebbe comprendere quale il motivo del ritardo\u201d.<\/span><\/p>\n","protected":false},"excerpt":{"rendered":"<p>&#8220;Sono insoddisfacenti le risposte che l\u2019assessore competente ha dato alle mie interrogazioni riguardo alcune gravi situazioni\u00a0di cui l\u2019amministrazione comunale \u00e8 a conoscenza da tempo e &#8230; <\/p>\n","protected":false},"author":1,"featured_media":0,"comment_status":"closed","ping_status":"closed","sticky":false,"template":"single-sidebar.php","format":"standard","meta":{"footnotes":""},"categories":[384],"tags":[],"class_list":["post-7069","post","type-post","status-publish","format-standard","hentry","category-c243-comunicati-stampa-dei-consiglieri-243"],"_links":{"self":[{"href":"https:\/\/archivio.comune.potenza.it\/index.php?rest_route=\/wp\/v2\/posts\/7069"}],"collection":[{"href":"https:\/\/archivio.comune.potenza.it\/index.php?rest_route=\/wp\/v2\/posts"}],"about":[{"href":"https:\/\/archivio.comune.potenza.it\/index.php?rest_route=\/wp\/v2\/types\/post"}],"author":[{"embeddable":true,"href":"https:\/\/archivio.comune.potenza.it\/index.php?rest_route=\/wp\/v2\/users\/1"}],"replies":[{"embeddable":true,"href":"https:\/\/archivio.comune.potenza.it\/index.php?rest_route=%2Fwp%2Fv2%2Fcomments&post=7069"}],"version-history":[{"count":0,"href":"https:\/\/archivio.comune.potenza.it\/index.php?rest_route=\/wp\/v2\/posts\/7069\/revisions"}],"wp:attachment":[{"href":"https:\/\/archivio.comune.potenza.it\/index.php?rest_route=%2Fwp%2Fv2%2Fmedia&parent=7069"}],"wp:term":[{"taxonomy":"category","embeddable":true,"href":"https:\/\/archivio.comune.potenza.it\/index.php?rest_route=%2Fwp%2Fv2%2Fcategories&post=7069"},{"taxonomy":"post_tag","embeddable":true,"href":"https:\/\/archivio.comune.potenza.it\/index.php?rest_route=%2Fwp%2Fv2%2Ftags&post=7069"}],"curies":[{"name":"wp","href":"https:\/\/api.w.org\/{rel}","templated":true}]}}