{"id":7072,"date":"2013-03-17T17:05:03","date_gmt":"2013-03-17T16:05:03","guid":{"rendered":"http:\/\/archivio.comune.potenza.it\/comune_wp\/?p=7072"},"modified":"2013-03-17T17:05:03","modified_gmt":"2013-03-17T16:05:03","slug":"lacerera-mal-mpa-riflessioni-sul-papa","status":"publish","type":"post","link":"https:\/\/archivio.comune.potenza.it\/?p=7072","title":{"rendered":"Lacerra  (MAL\/MPA): riflessioni sul Papa"},"content":{"rendered":"<p style=\"text-align: justify;\"><span class=\"s3\">La notizia, inattesa, che Sua Santit\u00e0 Benedetto XVI ha deciso di rinunciare al mandato Pontificale ha sorpreso tutti e interrogato la mente ed il cuore di credenti e non.\u00a0<\/span><span class=\"s3\">Ho sentito molte riflessioni, con sollecitazioni diverse, angoli di osservazione plurimi e \u00a0Vi sottopongo la mia idea. Non \u00e8 una abdicazione,, non \u00e8 un atto di vilt\u00e0 come viene alla mente ricordando il cantico Dantesco \u00e8 ben altro. Quando ho saputo dell&#8217;evento, dopo averci dormito su, ho visto la cosa con grande gioia e mi \u00e8 venuta alla mente la Gaudium et Spes. Il proemio cos\u00ec recita:<\/span><span class=\"s3\">\u00a0<\/span><span class=\"s5\">i<\/span><span class=\"s3\">ntima unione della Chiesa con l&#8217;intera famiglia umana.\u00a0<\/span><span class=\"s6\">Le gioie e le speranze, le tristezze e le angosce degli uomini d&#8217;oggi, dei poveri soprattutto e di tutti coloro che soffrono, sono pure le gioie e le speranze, le tristezze e le angosce dei discepoli di Cristo, e nulla Vi \u00e8 di genuinamente umano che non trovi eco nel loro cuore.\u00a0<\/span><span class=\"s3\">Non so Voi, ma \u00a0 io ritengo che in questo versetto ci sia tutta la &#8220;apertura&#8221; Conciliare della Chiesa al Mondo. Un Mondo visto con fiducia, di cui la Chiesa \u00e8 parte e si sente parte, un Mondo che viene preso sottobraccio\u00a0perch\u00e9\u00a0la umanit\u00e0 ci accomuna. Bene, questo Papa, da una certa parte scioccamente visto come un Conservatore, ha<\/span><span class=\"s3\">\u00a0dimostrato di essere un vero Ri<\/span><span class=\"s3\">voluzionario Conciliare. Alla sua et\u00e0 ha dimostrato di\u00a0<\/span><span class=\"s3\">avere digerito la visione Conci<\/span><span class=\"s3\">liare, di avere una immensa fiducia nel futuro e nei &#8220;giovani&#8221; che gli succederanno ed ha dimostrato di essere un grande &#8220;Padre&#8221; che ha fiducia nei propri &#8220;figli&#8221; e li ritiene addirittura a Lui superiori.<\/span><span class=\"s3\">\u00a0La um<\/span><span class=\"s3\">ilt\u00e0 di questo gesto ha scandito<\/span><span class=\"s3\">\u00a0lo\u00a0<\/span><span class=\"s3\">scrimine tra un Grande Papa ed una pletora di\u00a0<\/span><span class=\"s3\">altri, che risultano arroccati a posizioni di potere e privilegi che ostacolano l\u2019annuncio e lo stesso operare della Grazia. Inizia con questo gesto il<\/span><span class=\"s3\">\u00a0terzo millennio, aumenta \u00a0<\/span><span class=\"s3\">in tutti noi, credenti e non, la consapevolezza di un destino comune, di un percorso che fatto insieme diventa meno impervio, di una assunzione di responsabilit\u00e0 che riguarda tutti.\u00a0<\/span><span class=\"s3\">(<\/span><span class=\"s3\">Potenza, 7-3-2013<\/span><span class=\"s3\">)<\/span><span class=\"s3\">.<\/span><span class=\"s3\">La importanza di un Padre, la necessit\u00e0 di avere un Padre, la voglia di avere u<\/span><span class=\"s3\">n Padre, la gioia di ritrovarlo:<\/span><span class=\"s3\">\u00a0il nostro Santo Padre F<\/span><span class=\"s3\">rancesco. Sconosciuto ai pi\u00f9, fuori da giochi e cariche di potere; ha immediatamente manifestato il suo valore di Pastore, ma ha sbalordito tutti per la radicalit\u00e0 e l\u2019autenticit\u00e0 dei suoi gesti.\u00a0<\/span><span class=\"s3\">Non mi appassiona la sua collocazione \u201cpolitica\u201d, conservatore o progressista che sia, ha dalla sua la radicalit\u00e0 di una scelta e di un gesto che elimina inutili discussioni e che punta al nucleo centrale delle cose. La sua essenzialit\u00e0 lascia interdetti i parolai dell\u2019inutile, il suo andare \u00e8 rivoluzionario nell\u2019operare, la continuit\u00e0 con Benedetto \u00e8 fuori di dubbio: rinsaldati i p<\/span><span class=\"s3\">rincipi ora bisogna \u201ccamminare\u201d. E\u2019<\/span><span class=\"s3\">\u00a0la chiesa che si fa carico dell\u2019umano e contagia con il suo ottimismo tutti: credenti e non. E\u2019 la sfida del terzo millennio, ove \u00a0aumenta la responsabilit\u00e0 di ciascuno, perch\u00e9 ognuno di noi\u00a0<\/span><span class=\"s3\">ha un suo compito ed un suo cammino, picco<\/span><span class=\"s3\">lo o grande, di cui \u00e8\u00a0<\/span><span class=\"s3\">responsabile. Benedetto, Francesco!\u00a0<\/span><\/p>\n","protected":false},"excerpt":{"rendered":"<p>La notizia, inattesa, che Sua Santit\u00e0 Benedetto XVI ha deciso di rinunciare al mandato Pontificale ha sorpreso tutti e interrogato la mente ed il cuore &#8230; <\/p>\n","protected":false},"author":1,"featured_media":0,"comment_status":"closed","ping_status":"closed","sticky":false,"template":"single-sidebar.php","format":"standard","meta":{"footnotes":""},"categories":[384],"tags":[],"class_list":["post-7072","post","type-post","status-publish","format-standard","hentry","category-c243-comunicati-stampa-dei-consiglieri-243"],"_links":{"self":[{"href":"https:\/\/archivio.comune.potenza.it\/index.php?rest_route=\/wp\/v2\/posts\/7072"}],"collection":[{"href":"https:\/\/archivio.comune.potenza.it\/index.php?rest_route=\/wp\/v2\/posts"}],"about":[{"href":"https:\/\/archivio.comune.potenza.it\/index.php?rest_route=\/wp\/v2\/types\/post"}],"author":[{"embeddable":true,"href":"https:\/\/archivio.comune.potenza.it\/index.php?rest_route=\/wp\/v2\/users\/1"}],"replies":[{"embeddable":true,"href":"https:\/\/archivio.comune.potenza.it\/index.php?rest_route=%2Fwp%2Fv2%2Fcomments&post=7072"}],"version-history":[{"count":0,"href":"https:\/\/archivio.comune.potenza.it\/index.php?rest_route=\/wp\/v2\/posts\/7072\/revisions"}],"wp:attachment":[{"href":"https:\/\/archivio.comune.potenza.it\/index.php?rest_route=%2Fwp%2Fv2%2Fmedia&parent=7072"}],"wp:term":[{"taxonomy":"category","embeddable":true,"href":"https:\/\/archivio.comune.potenza.it\/index.php?rest_route=%2Fwp%2Fv2%2Fcategories&post=7072"},{"taxonomy":"post_tag","embeddable":true,"href":"https:\/\/archivio.comune.potenza.it\/index.php?rest_route=%2Fwp%2Fv2%2Ftags&post=7072"}],"curies":[{"name":"wp","href":"https:\/\/api.w.org\/{rel}","templated":true}]}}