{"id":7086,"date":"2013-03-19T12:11:09","date_gmt":"2013-03-19T11:11:09","guid":{"rendered":"http:\/\/archivio.comune.potenza.it\/comune_wp\/?p=7086"},"modified":"2013-03-19T12:11:09","modified_gmt":"2013-03-19T11:11:09","slug":"carretta-pd-su-incontro-a-poggio-tre-galli-2","status":"publish","type":"post","link":"https:\/\/archivio.comune.potenza.it\/?p=7086","title":{"rendered":"Carretta (Pd) su incontro a Poggio Tre Galli"},"content":{"rendered":"<p style=\"text-align: justify;\"><span style=\"line-height: 1.3em;\">Si \u00e8 svolto venerd\u00ec 15 marzo, presso il Salone Laurino della Parrocchia di S. Cecilia, l\u2019incontro sullo \u201cSviluppo infrastrutturale e socio-economico di Poggio Tre Galli\u201d, promosso dal Gruppo del Partito Democratico al Comune di Potenza, al quale hanno preso parte il Capogruppo Gianpaolo Carretta, il Segretario Cittadino del PD Giampiero Iudicello, il Presidente del Comitato di Quartiere Vincenzo Iacovino, il Sindaco della citt\u00e0 Vito Santarsiero, assessori e consiglieri comunali, alla presenza di numerosi residenti ed alcuni commercianti, che sono stati parte attiva del dibattito.<\/span><span style=\"line-height: 1.3em;\">Molti i temi discussi durante gli interventi, tutti mirati ad illustrare il progetto strategico infrastrutturale del rione, gi\u00e0 ampiamente inaugurato attraverso le opere di riqualificazione urbana.<\/span><span style=\"line-height: 1.3em;\">\u00c8 stato inizialmente sottolineato il momento storico contingente in cui \u00e8 necessario massimizzare energie e sforzi con le poche risorse economiche, ricordando, come, con un bilancio comunale di circa 80 milioni di euro, di cui 12 milioni di rata da pagare per il dissesto preesistente, ed altri 20 milioni tagliati dal Governo centrale, \u00e8 sempre pi\u00f9 difficile poter attingere ai fondi destinati alla spesa corrente.<\/span><span style=\"line-height: 1.3em;\">Si \u00e8 discusso di ambiente e pulizia, ribadendo che la percentuale di raccolta differenziata, gi\u00e0 a buoni livelli, sar\u00e0 al pi\u00f9 presto incrementata, non appena partir\u00e0 la raccolta porta a porta, grazie al finanziamento regionale appena concesso di circa 9 milioni.<\/span><span style=\"line-height: 1.3em;\">\u00c8 stato affrontato il tema della sicurezza, con la richiesta di una vigilanza concentrica da parte di tutte le forze dell\u2019ordine, che assicuri una maggiore tranquillit\u00e0 ai cittadini, con l\u2019aggiunta di un vigile di quartiere, a vigilare sul parco, e con uno sforzo maggiore da parte della Polizia municipale, compatibilmente agli straordinari e alle risorse economiche.<\/span><span style=\"line-height: 1.3em;\">Altri temi importanti presi in esame sono stati la chiusura degli spazi sotto Piazza Adriatico, ormai volti al degrado, per adibirne la destinazione ad uso dei servizi sociali e la costruzione di scale di accesso dal Parco al piano commerciale, in sostituzione delle passerelle ormai demolite, ed infine la concessione di 99 anni dei terreni circostanti le cooperative.<\/span><span style=\"line-height: 1.3em;\">I residenti hanno, infine, fatto richiesta di alcuni servizi utili alla vivibilit\u00e0 del rione, come ad esempio il ripristino del 118 nei pressi degli Uffici Regionali, un parco giochi pi\u00f9 accessoriato all\u2019interno del Parco dell\u2019Europa Unita, un mercato settimanale, l\u2019apertura di servizi igienici e il ripristino del servizio navetta da e verso le scale mobili di via Tammone.<\/span><span style=\"line-height: 1.3em;\">Tutti argomenti, insomma, di grande interesse, che, in vista della prossima programmazione dei fondi europei, vanno affrontati per tempo, attraverso un progetto forte per la riqualificazione di Poggio Tre Galli, che non ci colga impreparati, ricordando l\u2019importante ruolo che Potenza, in quanto citt\u00e0 capoluogo di Regione, riveste, con l\u2019esigenza di trasformarsi da Citt\u00e0 Regione a Citt\u00e0 Comprensorio.<\/span><\/p>\n<p style=\"text-align: justify;\">\u00a0<\/p>\n","protected":false},"excerpt":{"rendered":"<p>Si \u00e8 svolto venerd\u00ec 15 marzo, presso il Salone Laurino della Parrocchia di S. Cecilia, l\u2019incontro sullo \u201cSviluppo infrastrutturale e socio-economico di Poggio Tre Galli\u201d, &#8230; <\/p>\n","protected":false},"author":1,"featured_media":0,"comment_status":"closed","ping_status":"closed","sticky":false,"template":"single-sidebar.php","format":"standard","meta":{"footnotes":""},"categories":[384],"tags":[],"class_list":["post-7086","post","type-post","status-publish","format-standard","hentry","category-c243-comunicati-stampa-dei-consiglieri-243"],"_links":{"self":[{"href":"https:\/\/archivio.comune.potenza.it\/index.php?rest_route=\/wp\/v2\/posts\/7086"}],"collection":[{"href":"https:\/\/archivio.comune.potenza.it\/index.php?rest_route=\/wp\/v2\/posts"}],"about":[{"href":"https:\/\/archivio.comune.potenza.it\/index.php?rest_route=\/wp\/v2\/types\/post"}],"author":[{"embeddable":true,"href":"https:\/\/archivio.comune.potenza.it\/index.php?rest_route=\/wp\/v2\/users\/1"}],"replies":[{"embeddable":true,"href":"https:\/\/archivio.comune.potenza.it\/index.php?rest_route=%2Fwp%2Fv2%2Fcomments&post=7086"}],"version-history":[{"count":0,"href":"https:\/\/archivio.comune.potenza.it\/index.php?rest_route=\/wp\/v2\/posts\/7086\/revisions"}],"wp:attachment":[{"href":"https:\/\/archivio.comune.potenza.it\/index.php?rest_route=%2Fwp%2Fv2%2Fmedia&parent=7086"}],"wp:term":[{"taxonomy":"category","embeddable":true,"href":"https:\/\/archivio.comune.potenza.it\/index.php?rest_route=%2Fwp%2Fv2%2Fcategories&post=7086"},{"taxonomy":"post_tag","embeddable":true,"href":"https:\/\/archivio.comune.potenza.it\/index.php?rest_route=%2Fwp%2Fv2%2Ftags&post=7086"}],"curies":[{"name":"wp","href":"https:\/\/api.w.org\/{rel}","templated":true}]}}