{"id":7090,"date":"2013-03-20T10:12:35","date_gmt":"2013-03-20T09:12:35","guid":{"rendered":"http:\/\/archivio.comune.potenza.it\/comune_wp\/?p=7090"},"modified":"2013-03-20T10:12:35","modified_gmt":"2013-03-20T09:12:35","slug":"carretta-pd-su-meridione-e-cassa-integrazione","status":"publish","type":"post","link":"https:\/\/archivio.comune.potenza.it\/?p=7090","title":{"rendered":"Carretta (Pd) su Meridione e cassa integrazione"},"content":{"rendered":"<p style=\"text-align: justify;\">L\u2019Osservatorio regionale Banche-Imprese ha previsto per i prossimi quattro anni una crescita del Pil pari allo 0,4% annuo, che non potr\u00e0 essere maggiore a causa del freno che il Mezzogiorno effettua sulla dinamica del Pil a livello nazionale.<span style=\"line-height: 1.3em;\">Pur avendo diminuito di ben 5 punti, negli ultimi 17 anni, il gap con il nord, relativo ai livelli di ricchezza prodotta, dovuto anche alla crisi generale, che non ha risparmiato quelle che un tempo erano le aree particolarmente produttive del nostro Paese, il sud deve affrontare le crisi locali dei tanti stabilimenti, come l\u2019Ilva di Taranto, l\u2019Alcoa in Sardegna, la Fiat di Pomigliano, Melfi e Termini Merese, che hanno segnato l\u2019economia meridionale ed hanno rallentato la crescita.<\/span><span style=\"line-height: 1.3em;\">La regione Basilicata \u00e8 balzata al primo posto tra le regioni italiane per incremento di cassa integrazione erogata nell\u2019ultimo mese, rispetto al precedente, con un incremento del 197,9% di operai coinvolti, maggiore nella provincia di Potenza, rispetto a quella di Matera, mettendo in evidenza la difficolt\u00e0 dell\u2019impianto industriale potentino, che paga maggiormente le conseguente della crisi del polo auto.<\/span><span style=\"line-height: 1.3em;\">La ripresa dell\u2019intero Paese e, in particolare, della nostra regione, \u00e8 profondamente legata alla possibilit\u00e0 di nuovi progetti di crescita e di sviluppo economico, frenati da quel Patto di stabilit\u00e0 che attanaglia i Comuni, che rischiano di non poter pi\u00f9 rispettare e che minacciano di sforare, qualora non si sbloccassero alcuni miliardi per pagare le aziende a cui sono stati gi\u00e0 assegnati gli appalti di fornitura ai Comuni.<\/span><span style=\"line-height: 1.3em;\">Servono, dunque, politiche urgenti, che puntino ad un rilancio del polo industriale, con conseguenti misure per tamponare l\u2019emergenza occupazione, attraverso l\u2019equit\u00e0 tra i territori e la responsabilizzazione dei territori e attraverso un piano organico di interventi per fronteggiare la crisi economica, sociale e infrastrutturale del Mezzogiorno, che non significa ritornare ad una forma assistenzialistica della gestione del potere, ma stimolare la crescita delle aree meno dinamiche, a favore di uno sviluppo globale che investa anche i territori pi\u00f9 avanzati.<\/span><span style=\"line-height: 1.3em;\">In questo contesto, il Partito Democratico, sta avviando un vero processo di rinnovamento delle classi dirigenti, improntato alla qualit\u00e0 e all\u2019autonomia di pensiero, per riappropriarsi della \u201cQuestione Mezzogiorno\u201d, elevandola a priorit\u00e0 politica nel sistema Italia.<\/span><\/p>\n","protected":false},"excerpt":{"rendered":"<p>L\u2019Osservatorio regionale Banche-Imprese ha previsto per i prossimi quattro anni una crescita del Pil pari allo 0,4% annuo, che non potr\u00e0 essere maggiore a causa &#8230; <\/p>\n","protected":false},"author":1,"featured_media":0,"comment_status":"closed","ping_status":"closed","sticky":false,"template":"single-sidebar.php","format":"standard","meta":{"footnotes":""},"categories":[384],"tags":[],"class_list":["post-7090","post","type-post","status-publish","format-standard","hentry","category-c243-comunicati-stampa-dei-consiglieri-243"],"_links":{"self":[{"href":"https:\/\/archivio.comune.potenza.it\/index.php?rest_route=\/wp\/v2\/posts\/7090"}],"collection":[{"href":"https:\/\/archivio.comune.potenza.it\/index.php?rest_route=\/wp\/v2\/posts"}],"about":[{"href":"https:\/\/archivio.comune.potenza.it\/index.php?rest_route=\/wp\/v2\/types\/post"}],"author":[{"embeddable":true,"href":"https:\/\/archivio.comune.potenza.it\/index.php?rest_route=\/wp\/v2\/users\/1"}],"replies":[{"embeddable":true,"href":"https:\/\/archivio.comune.potenza.it\/index.php?rest_route=%2Fwp%2Fv2%2Fcomments&post=7090"}],"version-history":[{"count":0,"href":"https:\/\/archivio.comune.potenza.it\/index.php?rest_route=\/wp\/v2\/posts\/7090\/revisions"}],"wp:attachment":[{"href":"https:\/\/archivio.comune.potenza.it\/index.php?rest_route=%2Fwp%2Fv2%2Fmedia&parent=7090"}],"wp:term":[{"taxonomy":"category","embeddable":true,"href":"https:\/\/archivio.comune.potenza.it\/index.php?rest_route=%2Fwp%2Fv2%2Fcategories&post=7090"},{"taxonomy":"post_tag","embeddable":true,"href":"https:\/\/archivio.comune.potenza.it\/index.php?rest_route=%2Fwp%2Fv2%2Ftags&post=7090"}],"curies":[{"name":"wp","href":"https:\/\/api.w.org\/{rel}","templated":true}]}}