{"id":7097,"date":"2013-03-20T17:59:06","date_gmt":"2013-03-20T16:59:06","guid":{"rendered":"http:\/\/archivio.comune.potenza.it\/comune_wp\/?p=7097"},"modified":"2013-03-20T17:59:06","modified_gmt":"2013-03-20T16:59:06","slug":"molinari-opp-su-consiglio-comunale-su-ztl-e-piano-esercizio-2","status":"publish","type":"post","link":"https:\/\/archivio.comune.potenza.it\/?p=7097","title":{"rendered":"Molinari (Opp) su Consiglio comunale su ZTL e piano esercizio"},"content":{"rendered":"<p style=\"text-align: justify;\"><span style=\"line-height: 1.3em;\">\u201cIl prossimo 22 marzo come da me proposto, e condiviso dai gruppi di opposizione Mal-Mpa, Grande Sud, Fli, Pdl e \u201cI Socialisti\u201d, si svolger\u00e0 a partire dalle 8,30 il consiglio comunale aperto per discutere insieme alla cittadinanza del nuovo piano di esercizio e della ztl. L\u2019auspicio \u00e8 che l\u2019assemblea possa prendere spunti importanti utili a migliorare quelle che sono l\u2019organizzazione del trasporto pubblico in citt\u00e0 e la regolamentazione della chiusura al traffico del centro storico. Associazioni di categoria, comitati di cittadini e commercianti hanno messo in evidenza in diverse occasioni perplessit\u00e0 e criticit\u00e0 circa la mancanza di collegamenti adeguati alle esigenze di chi deve andare a lavoro o a scuola con i mezzi pubblici carenti in diverse zone del capoluogo di regione. In particolare manca un collegamento veloce con le scuole. Altra questione da affrontare una volta per tutte \u00e8 quella relativa alla Ztl che dovrebbe rispondere alle esigenze di cittadini e commercianti ma anche essere attuata per svolgere la sua funzione e cio\u00e8 quella di valorizzare il centro cittadino preservandolo dal traffico\u201d.<\/span><span style=\"line-height: 1.3em;\">Ad affermarlo il consigliere comunale di Potenza Giuseppe Molinari che ricorda quanto \u201csia necessario aprire il dibattito sulle due questioni a tutta la comunit\u00e0 affinch\u00e8 possano essere individuate le soluzioni migliori per evitare disagi e stravolgimenti inutili. Tra le situazioni da chiarire riguardo al nuovo piano di esercizio certamente quelle relative alla stazione di bus in via del Basento ancora non attivata, la carenza di corse di autobus per raggiungere le scale mobili, ad esempio di Santa Lucia, ma anche il trasferimento del terminal bus di via Zara presso il parcheggio in viale dell\u2019Unicef e l\u2019attivazione dell\u2019infomobilit\u00e0 che servirebbe non poco a fare chiarezza sulle corse e gli orari dei bus urbani. A riguardo \u00e8 necessario avere tempistiche certe\u201d.<\/span><span style=\"line-height: 1.3em;\">Secondo Molinari \u201cbisogna rivedere l\u2019orario di apertura della ztl nel centro storico della citt\u00e0 magari prendendo come esempio quello previsto in altri comuni ed al contempo prendere in considerazione la riduzione della tariffa oraria per parcheggiare nel centro storico. Diverse le osservazioni evidenziate da numerosi commercianti, associazioni di categoria e residenti del centro cittadino. Certamente non sar\u00e0 facile trovare un equilibrio tra le varie esigenze ma non si pu\u00f2 pi\u00f9 rimandare la definitiva soluzione delle questioni aperte gi\u00e0 da tempo e che non hanno fatto altro che alimentare malumori e creare difficolt\u00e0. Migliorare il sistema di mobilit\u00e0 \u00e8 possibile solo attraverso un\u2019analisi approfondita dei problemi ed una chiara esposizione di questi\u201d.\u00a0<\/span><\/p>\n","protected":false},"excerpt":{"rendered":"<p>\u201cIl prossimo 22 marzo come da me proposto, e condiviso dai gruppi di opposizione Mal-Mpa, Grande Sud, Fli, Pdl e \u201cI Socialisti\u201d, si svolger\u00e0 a &#8230; <\/p>\n","protected":false},"author":1,"featured_media":0,"comment_status":"closed","ping_status":"closed","sticky":false,"template":"single-sidebar.php","format":"standard","meta":{"footnotes":""},"categories":[384],"tags":[],"class_list":["post-7097","post","type-post","status-publish","format-standard","hentry","category-c243-comunicati-stampa-dei-consiglieri-243"],"_links":{"self":[{"href":"https:\/\/archivio.comune.potenza.it\/index.php?rest_route=\/wp\/v2\/posts\/7097"}],"collection":[{"href":"https:\/\/archivio.comune.potenza.it\/index.php?rest_route=\/wp\/v2\/posts"}],"about":[{"href":"https:\/\/archivio.comune.potenza.it\/index.php?rest_route=\/wp\/v2\/types\/post"}],"author":[{"embeddable":true,"href":"https:\/\/archivio.comune.potenza.it\/index.php?rest_route=\/wp\/v2\/users\/1"}],"replies":[{"embeddable":true,"href":"https:\/\/archivio.comune.potenza.it\/index.php?rest_route=%2Fwp%2Fv2%2Fcomments&post=7097"}],"version-history":[{"count":0,"href":"https:\/\/archivio.comune.potenza.it\/index.php?rest_route=\/wp\/v2\/posts\/7097\/revisions"}],"wp:attachment":[{"href":"https:\/\/archivio.comune.potenza.it\/index.php?rest_route=%2Fwp%2Fv2%2Fmedia&parent=7097"}],"wp:term":[{"taxonomy":"category","embeddable":true,"href":"https:\/\/archivio.comune.potenza.it\/index.php?rest_route=%2Fwp%2Fv2%2Fcategories&post=7097"},{"taxonomy":"post_tag","embeddable":true,"href":"https:\/\/archivio.comune.potenza.it\/index.php?rest_route=%2Fwp%2Fv2%2Ftags&post=7097"}],"curies":[{"name":"wp","href":"https:\/\/api.w.org\/{rel}","templated":true}]}}