{"id":7104,"date":"2013-03-21T13:41:03","date_gmt":"2013-03-21T12:41:03","guid":{"rendered":"http:\/\/archivio.comune.potenza.it\/comune_wp\/?p=7104"},"modified":"2013-03-21T13:41:03","modified_gmt":"2013-03-21T12:41:03","slug":"imbesi-pdl-su-lavori-pubblici-in-citta-2","status":"publish","type":"post","link":"https:\/\/archivio.comune.potenza.it\/?p=7104","title":{"rendered":"Imbesi (Pdl) su lavori pubblici in citt\u00e0"},"content":{"rendered":"<div style=\"text-align: justify;\">Il VicePresidente del Consiglio Comunale di Potenza, Antonino Imbesi, in una nota, ha comunicato di aver presentato una interpellanza all\u2019attenzione del Sindaco e dell\u2019Assessore ai Lavori pubblici della citt\u00e0 in relazione alla qualit\u00e0 dei lavori di rifacimento di strade e piazze in diverse aree del capoluogo ed in particolare nel centro storico dello stesso.&#8221;In questi anni \u2013 ha detto il VicePresidente \u2013\u00a0 sono stati realizzati molti lavori di rifacimento e\/o di ammodernamento di strade e piazze in diverse aree di Potenza ed in particolare nel suo centro storico, ma da una semplice verifica \u00e8 facile constatare che molti di questi lavori mostrano gi\u00e0, anche a distanza di pochi mesi se non addirittura di poche settimane, crepe evidenti con buche, pavimenti divelti e quant\u2019altro\u2026\u201dImbesi ha, quindi, fatto rilevare che la causa di tali \u201canomalie\u201d potrebbe essere legata all\u2019uso di materiali non idonei e\/o a lavori non eseguiti con la dovuta attenzione e non adeguatamente seguiti e controllati dall\u2019Amministrazione appaltatrice.\u201cSarebbe necessario fare una verifica in questo senso per evitare inutile spreco di fondi pubblici \u2013 \u00a0ha detto il Consigliere Municipale \u2013 perch\u00e9 \u00e8 del tutto evidente che le ditte che hanno realizzato i lavori dovrebbero anche essere responsabili della qualit\u00e0 degli stessi\u2026 Non \u00e8 possibile che certi lavori a distanza di pochi giorni mostrino crepe cos\u00ec evidenti!\u201dIl VicePresidente ha, pertanto, deciso di presentare una apposita interpellanza per verificare se controlli di tale genere siano mai stati esperiti dagli uffici del Comune ed a quali esisti abbiano portato.\u201cNell\u2019interpellanza\u00a0 \u2013 ha chiuso Imbesi \u2013 \u00a0chiedo di sapere se nei contratti di appalto assegnati per tali lavori siano state indicate clausole di salvaguardia o di garanzia della qualit\u00e0 degli stessi e se queste prevedano in qualche maniera una forma di rimborso nei confronti dell\u2019Amministrazione Comunale qualora si dovesse constatare la non buona qualit\u00e0 nella realizzazione degli stessi. Inoltre intendo conoscere se \u00e8 mai stato effettuato un controllo della qualit\u00e0 dei lavori dati in appalto e se sia mai stato assunto un provvedimento di rimborso forzoso nei confronti di eventuali ditte fornitrici i cui lavori non siano stati di qualit\u00e0\u2026 Sono davvero curioso di sapere che verr\u00e0 fuori dalla risposta dell\u2019Assessorato competente\u2026\u201d\u00a0<\/div>\n","protected":false},"excerpt":{"rendered":"<p>Il VicePresidente del Consiglio Comunale di Potenza, Antonino Imbesi, in una nota, ha comunicato di aver presentato una interpellanza all\u2019attenzione del Sindaco e dell\u2019Assessore ai &#8230; <\/p>\n","protected":false},"author":1,"featured_media":0,"comment_status":"closed","ping_status":"closed","sticky":false,"template":"single-sidebar.php","format":"standard","meta":{"footnotes":""},"categories":[384],"tags":[],"class_list":["post-7104","post","type-post","status-publish","format-standard","hentry","category-c243-comunicati-stampa-dei-consiglieri-243"],"_links":{"self":[{"href":"https:\/\/archivio.comune.potenza.it\/index.php?rest_route=\/wp\/v2\/posts\/7104"}],"collection":[{"href":"https:\/\/archivio.comune.potenza.it\/index.php?rest_route=\/wp\/v2\/posts"}],"about":[{"href":"https:\/\/archivio.comune.potenza.it\/index.php?rest_route=\/wp\/v2\/types\/post"}],"author":[{"embeddable":true,"href":"https:\/\/archivio.comune.potenza.it\/index.php?rest_route=\/wp\/v2\/users\/1"}],"replies":[{"embeddable":true,"href":"https:\/\/archivio.comune.potenza.it\/index.php?rest_route=%2Fwp%2Fv2%2Fcomments&post=7104"}],"version-history":[{"count":0,"href":"https:\/\/archivio.comune.potenza.it\/index.php?rest_route=\/wp\/v2\/posts\/7104\/revisions"}],"wp:attachment":[{"href":"https:\/\/archivio.comune.potenza.it\/index.php?rest_route=%2Fwp%2Fv2%2Fmedia&parent=7104"}],"wp:term":[{"taxonomy":"category","embeddable":true,"href":"https:\/\/archivio.comune.potenza.it\/index.php?rest_route=%2Fwp%2Fv2%2Fcategories&post=7104"},{"taxonomy":"post_tag","embeddable":true,"href":"https:\/\/archivio.comune.potenza.it\/index.php?rest_route=%2Fwp%2Fv2%2Ftags&post=7104"}],"curies":[{"name":"wp","href":"https:\/\/api.w.org\/{rel}","templated":true}]}}