{"id":7108,"date":"2013-03-21T16:08:53","date_gmt":"2013-03-21T15:08:53","guid":{"rendered":"http:\/\/archivio.comune.potenza.it\/comune_wp\/?p=7108"},"modified":"2013-03-21T16:08:53","modified_gmt":"2013-03-21T15:08:53","slug":"potenza-pu-su-consiglio-comunale-aperto-su-nuovo-piano-trasporti-2","status":"publish","type":"post","link":"https:\/\/archivio.comune.potenza.it\/?p=7108","title":{"rendered":"Potenza (PU) su consiglio comunale aperto su nuovo piano trasporti"},"content":{"rendered":"<p style=\"text-align: justify;\">\u201cIl sistema dei trasporti in citt\u00e0 va immediatamente rivisto. Si ritorni in Consiglio comunale per modificare la delibera. Le polemiche che si sono susseguite da quando il nuovo piano \u00e8 entrato in vigore, non sono che la cartina al tornasole di un problema atavico e mai risolto in una citt\u00e0 dove nonostante l&#8217;impegno profuso dall&#8217;amministrazione si spendono milioni di euro all&#8217;anno per la mobilit\u00e0 interna, ma con scarsi risultati. Rispetto a quello passato sono 36 i punti della citt\u00e0 non coperti dal nuovo piano, con gravi carenze per le aree periferiche (vedi Costa della Gaveta o Cerreta) e servizi inadeguati per quartieri\u00a0 popolosi come Poggio Tre Galli o Macchia Romana. Senza contare chi lamenta percorsi troppo lunghi per raggiungere punti non lontani della citt\u00e0 o l&#8217;impossibilit\u00e0 di fruire in contemporanea di metropolitana, bus e scale mobili\u201d. A dichiararlo \u00e8 il capogruppo in consiglio comunale dei Popolari Uniti Sergio Potenza, sottolineando come l&#8217;attuale piano trasporti sia una delle voci che pi\u00f9 grava sul bilancio\u00a0 comunale. L&#8217;amministrazione se vuole ottimizzare la spesa e non incorrere in sprechi -prosegue Potenza \u2013 deve intervenire nell&#8217;immediato. Se qualcosa \u00e8 stato sbagliato, si ammetta l&#8217;errore e si intervenga gi\u00e0 da ora. Per migliorare il sistema e garantire una mobilit\u00e0 realmente al servizio della comunit\u00e0\u00a0 \u2013 sostiene il capogruppo dei Pu \u2013 bisogna partire da quanto ci chiedono oggi i cittadini.\u00a0 A causa del servizio carente \u2013 prosegue Potenza \u2013 il capoluogo continua ad essere assediato dalle auto, con una media di 71 vetture ogni 100 abitanti.\u00a0 Un dato allarmante in una citt\u00e0 che in tema trasporti, attende\u00a0 una inversione di rotta, da sempre.\u00a0\u00a0 Migliorare la mobilit\u00e0 \u2013 conclude il capogruppo dei Popolari Uniti \u2013 \u00e8 un obiettivo primario che l&#8217;amministrazione deve perseguire anche perch\u00e8 ci\u00f2 significherebbe migliorare la qualit\u00e0 della vita, con la riduzione del\u00a0 numero di auto in circolazione e minori emissioni in atmosfera.<\/p>\n","protected":false},"excerpt":{"rendered":"<p>\u201cIl sistema dei trasporti in citt\u00e0 va immediatamente rivisto. Si ritorni in Consiglio comunale per modificare la delibera. Le polemiche che si sono susseguite da &#8230; <\/p>\n","protected":false},"author":1,"featured_media":0,"comment_status":"closed","ping_status":"closed","sticky":false,"template":"single-sidebar.php","format":"standard","meta":{"footnotes":""},"categories":[384],"tags":[],"class_list":["post-7108","post","type-post","status-publish","format-standard","hentry","category-c243-comunicati-stampa-dei-consiglieri-243"],"_links":{"self":[{"href":"https:\/\/archivio.comune.potenza.it\/index.php?rest_route=\/wp\/v2\/posts\/7108"}],"collection":[{"href":"https:\/\/archivio.comune.potenza.it\/index.php?rest_route=\/wp\/v2\/posts"}],"about":[{"href":"https:\/\/archivio.comune.potenza.it\/index.php?rest_route=\/wp\/v2\/types\/post"}],"author":[{"embeddable":true,"href":"https:\/\/archivio.comune.potenza.it\/index.php?rest_route=\/wp\/v2\/users\/1"}],"replies":[{"embeddable":true,"href":"https:\/\/archivio.comune.potenza.it\/index.php?rest_route=%2Fwp%2Fv2%2Fcomments&post=7108"}],"version-history":[{"count":0,"href":"https:\/\/archivio.comune.potenza.it\/index.php?rest_route=\/wp\/v2\/posts\/7108\/revisions"}],"wp:attachment":[{"href":"https:\/\/archivio.comune.potenza.it\/index.php?rest_route=%2Fwp%2Fv2%2Fmedia&parent=7108"}],"wp:term":[{"taxonomy":"category","embeddable":true,"href":"https:\/\/archivio.comune.potenza.it\/index.php?rest_route=%2Fwp%2Fv2%2Fcategories&post=7108"},{"taxonomy":"post_tag","embeddable":true,"href":"https:\/\/archivio.comune.potenza.it\/index.php?rest_route=%2Fwp%2Fv2%2Ftags&post=7108"}],"curies":[{"name":"wp","href":"https:\/\/api.w.org\/{rel}","templated":true}]}}