{"id":7122,"date":"2013-03-25T08:29:19","date_gmt":"2013-03-25T07:29:19","guid":{"rendered":"http:\/\/archivio.comune.potenza.it\/comune_wp\/?p=7122"},"modified":"2013-03-25T08:29:19","modified_gmt":"2013-03-25T07:29:19","slug":"giuseppe-molinari-gruppo-molinari-ex-ipias","status":"publish","type":"post","link":"https:\/\/archivio.comune.potenza.it\/?p=7122","title":{"rendered":"Giuseppe Molinari (Gruppo Molinari): Ex IPIAS"},"content":{"rendered":"<p style=\"text-align: justify;\"><span><span class=\"s3\">\u201cCon la risposta data alla mia inte<\/span><span class=\"s3\">rrogazione e riguardante l\u2019ex Ip<\/span><span class=\"s3\">ias di via Sicilia \u00e8 arrivata l\u2019ennesima conferma di come l\u2019amministrazione comunale abbia gi\u00e0 deciso da tempo a chi affidare la struttura da poco riqualificata con fondi dell\u2019Unione Europea. E\u2019 legittim<\/span><span class=\"s3\">o, infatti, pensare che l\u2019affidamento<\/span><span class=\"s3\">del<\/span><span class=\"s3\">l\u2019edificio <\/span><span class=\"s3\">sia stata una promessa elettorale da mantenere a tutti i costi, <\/span><span class=\"s3\">visto<\/span><span class=\"s3\">l\u2019insistent<\/span><span class=\"s3\">e tentativo di<\/span><span class=\"s3\"> far<\/span><span class=\"s3\">vi<\/span><span class=\"s3\"> insediare<\/span><span class=\"s3\">un centro per il volontariato<\/span><span class=\"s3\">\u201d.<\/span><\/span><span class=\"s3\">Il consigliere comunale di Potenza Giuseppe Molinari riportando quanto spiegato nella risposta ad una sua interrogazione evidenzia come \u201csi tenti ancora di cambiare la destinazione<\/span><span class=\"s3\"> d\u2019uso<\/span><span class=\"s3\"> dell\u2019ex Ipias che<\/span><span class=\"s3\">,<\/span><span class=\"s3\"> secondo il bando europeo<\/span><span class=\"s3\">,<\/span><span class=\"s3\">avrebbe dovuto ospitare solo associazioni impegnate nel sostegno<\/span><span class=\"s3\"> e nella cura<\/span><span class=\"s3\"> delle persone e non nella<\/span><span class=\"s3\"> real<\/span><span class=\"s3\">izzazione di servizi per assistenza alle associazioni. Nonostante sia stato chiarito anche dalla Regione Basilicata che l\u2019eventuale cambio di destinazione d\u2019uso pu\u00f2 avvenire solo dopo cinque anni dal finanziamento,<\/span><span class=\"s3\"> la cui rimodulazione \u00e8 avvenuta<\/span><span class=\"s3\"> nel 2008, l\u2019amministrazione comunale continua a perseguire il suo ob<\/span><span class=\"s3\">iettivo e cio\u00e8 quello di istituire nell\u2019edificio in questione una Casa<\/span><span class=\"s3\"> del volontariato<\/span><span class=\"s3\"> di<\/span><span class=\"s3\"> garantire<\/span><span class=\"s3\">servizi alle associazioni. Il<\/span><span class=\"s3\"> cambio di destinazione d\u2019uso<\/span><span class=\"s3\">, inoltre,<\/span><span class=\"s3\"> \u00e8 tale quando si cambia la. <\/span><span class=\"s3\">funzione dopo averne dato prima avvio.<\/span><span class=\"s3\"> I<\/span><span class=\"s3\">n questo caso, invece, la \u2018trasformazione\u2019 avverrebbe<\/span><span class=\"s3\"> prima di aprire le porte della struttura riqualificata da mesi ma ancora chiusa in attesa, probabilmente, di aggiustare tutto in maniera tale da realizzar<\/span><span class=\"s3\">e i piani <\/span><span class=\"s3\">dell\u2019am<\/span><span class=\"s3\">ministrazione comunale<\/span><span class=\"s3\"> mentre si potrebbe davvero dare in quell\u2019edificio spazio a chi si occupa di <\/span><span class=\"s3\">dialogare e sostenere giovani attraverso iniziative cultural<\/span><span class=\"s3\">i o sportive e di altro genere\u201d<\/span><span class=\"s3\">.<\/span><span class=\"s3\">\u201cAffinch\u00e8 <\/span><span class=\"s3\">\u2018sia fatta la loro volont\u00e0\u2019 il C<\/span><span class=\"s3\">omune di Potenza ha provato nuovamente ad aggirare l\u2019ostacolo rispetto a quanto previsto dal bando europeo e con una nota inviata al dirigente del Dipartimento Sicurezza sociale della Regione Basilicata<\/span><span class=\"s3\"> (nota del 23.04.2012)<\/span><span class=\"s3\"> ha <\/span><span class=\"s3\">proposto che nell\u2019ex Ipias venga istituito un Centro servizi per il volontariato e un centro educativo per minori ma la Regione Basilicata ha ribadito quanto in altre occasioni evidenziato gli obblighi del soggetto attuatore. <\/span><span class=\"s3\">Ora le chiavi della struttura di via Sicilia sono nelle mani dell\u2019Unit\u00e0 di Direzione dei Servizi sociali alla quale, come \u00e8 stato risposto alla mia interrogazione, compete l\u2019affidamento della gestione dei servizi da erogarsi nell\u2019immobile ex Ipias. Aspettiamo, dunque, di conoscere quale altra mossa il comune di Potenza escogiter\u00e0 per far<\/span><span class=\"s3\">e ci\u00f2 che ha programmato<\/span><span class=\"s3\">. Il mio consiglio \u00e8 di abbandonare<\/span><span class=\"s3\"> l\u2019impresa e di attuare invece quanto previsto <\/span><span class=\"s3\">nel bando. Serve, infatti, a Potenza pi\u00f9 che un centro per i servizi alle associazioni un centro che serva le persone direttamente. Ci\u00f2 \u00e8 innegabile. Manca una mensa per i poveri, un centro di svago ma anche educativo aperto <\/span><span class=\"s3\">ai ragazzi o <\/span><span class=\"s3\">un centro diurno per anzi<\/span><span class=\"s3\">a<\/span><span class=\"s3\">ni.<\/span><span class=\"s3\"> L\u2019impegno nel sociale<\/span><span class=\"s3\">,<\/span><span class=\"s3\"> infatti,<\/span><span class=\"s3\"> si concretizza<\/span><span class=\"s3\"> soprattutto<\/span><span class=\"s3\"> dando spazio a chi <\/span><span class=\"s3\">si dedica alla cura delle persone<\/span><span class=\"s3\"> in maniera diretta\u201d.<\/span><\/p>\n","protected":false},"excerpt":{"rendered":"<p>\u201cCon la risposta data alla mia interrogazione e riguardante l\u2019ex Ipias di via Sicilia \u00e8 arrivata l\u2019ennesima conferma di come l\u2019amministrazione comunale abbia gi\u00e0 deciso &#8230; <\/p>\n","protected":false},"author":1,"featured_media":0,"comment_status":"closed","ping_status":"closed","sticky":false,"template":"single-sidebar.php","format":"standard","meta":{"footnotes":""},"categories":[384],"tags":[],"class_list":["post-7122","post","type-post","status-publish","format-standard","hentry","category-c243-comunicati-stampa-dei-consiglieri-243"],"_links":{"self":[{"href":"https:\/\/archivio.comune.potenza.it\/index.php?rest_route=\/wp\/v2\/posts\/7122"}],"collection":[{"href":"https:\/\/archivio.comune.potenza.it\/index.php?rest_route=\/wp\/v2\/posts"}],"about":[{"href":"https:\/\/archivio.comune.potenza.it\/index.php?rest_route=\/wp\/v2\/types\/post"}],"author":[{"embeddable":true,"href":"https:\/\/archivio.comune.potenza.it\/index.php?rest_route=\/wp\/v2\/users\/1"}],"replies":[{"embeddable":true,"href":"https:\/\/archivio.comune.potenza.it\/index.php?rest_route=%2Fwp%2Fv2%2Fcomments&post=7122"}],"version-history":[{"count":0,"href":"https:\/\/archivio.comune.potenza.it\/index.php?rest_route=\/wp\/v2\/posts\/7122\/revisions"}],"wp:attachment":[{"href":"https:\/\/archivio.comune.potenza.it\/index.php?rest_route=%2Fwp%2Fv2%2Fmedia&parent=7122"}],"wp:term":[{"taxonomy":"category","embeddable":true,"href":"https:\/\/archivio.comune.potenza.it\/index.php?rest_route=%2Fwp%2Fv2%2Fcategories&post=7122"},{"taxonomy":"post_tag","embeddable":true,"href":"https:\/\/archivio.comune.potenza.it\/index.php?rest_route=%2Fwp%2Fv2%2Ftags&post=7122"}],"curies":[{"name":"wp","href":"https:\/\/api.w.org\/{rel}","templated":true}]}}