{"id":7123,"date":"2013-03-25T08:32:28","date_gmt":"2013-03-25T07:32:28","guid":{"rendered":"http:\/\/archivio.comune.potenza.it\/comune_wp\/?p=7123"},"modified":"2013-03-25T08:32:28","modified_gmt":"2013-03-25T07:32:28","slug":"antonino-imbesi-popolo-della-liberta-consiglio-comunale-aperto-sul-tpl-e-petizione-per-chiusura-ztl","status":"publish","type":"post","link":"https:\/\/archivio.comune.potenza.it\/?p=7123","title":{"rendered":"Antonino Imbesi (Popolo della Libert\u00e0): Consiglio Comunale aperto sul TPL e petizione per chiusura ZTL"},"content":{"rendered":"<p>Il VicePresidente del Consiglio Comunale di Potenza, Antonino Imbesi, a nome di tutti i Gruppi di Opposizione che avevano chiesto la convocazione del Consiglio Comunale Aperto sul Programma di Esercizio del Trasporto Pubblico Locale (PDL, Grande Sud, FLI, Socialisti, Mal-Mpa e Lista Molinari), ha comunicato che i Consiglieri di Minoranza sono rimasti delusi e decisamente scontenti dalla risposta che il Sindaco Santarsiero ha dato alle richieste presentate in Assise Municipale, a seguito della discussione dell\u2019ordine del giorno odierno.<\/p>\n<p>&#8220;<em>Il Sindaco <\/em>\u2013 ha detto il VicePresidente \u2013<em>\u00a0 si \u00e8 ancora una volta arroccato sulle sue convinzioni non ascoltando il grido di aiuto arrivato dalla citt\u00e0 e dai banchi della Minoranza, nel totale e colpevole ed assordante silenzio dei Consiglieri della sua Maggioranza politica, nessuno dei quali ha ritenuto di dover intervenire di fronte alle legittime aspettative dei cittadini, lasciando un vuoto istituzionale non certo colmato dalle parole del Primo Cittadino, che, peraltro, nella replica, ha anche smentito l\u2019Assessore provinciale ai Trasporti, Valluzzi, che pure aveva aperto alla possibilit\u00e0 di stoppare gradualmente i 188 autobus provenienti dalle varie aree della provincia per ridurre il carico del traffico in citt\u00e0. Santarsiero ha invece sostenuto che la struttura data dal &lt;&lt;suo&gt;&gt; Piano \u00e8 la migliore possibile e che una ipotesi di blocco dei pullman in una o due aree della citt\u00e0 non farebbe altro che appesantire o raddoppiare il traffico urbano..!?!?\u201d<\/em><\/p>\n<p>Secondo i Consiglieri di Opposizione il Sindaco vive in una citt\u00e0 tutta sua, lontana anni luce da quella reale di tutti i giorni e non riesce a percepire lo scontento che ogni giorno cresce in citt\u00e0, n\u00e9 tantomeno rendersi conto che soluzioni come quella del blocco degli autobus extraurbani sono state adottate in tutte le citt\u00e0 italiane e straniere producendo grandi benefici per il traffico.<\/p>\n<p>\u201c<em>Ci saremmo aspettati una maggiore apertura alla soluzione dei problemi ed una disponibilit\u00e0 a rivedere le decisioni cervellotiche prese fino ad oggi con la sospensione pi\u00f9 volte richiesta dai banchi della Opposizione sia del Piano di Trasporto urbano che della Zona a Traffico Limitato ma la risposta dell\u2019Amministrazione \u00e8 stata che i provvedimenti adottati finora sono i miglior possibili, addirittura definiti come epocali, e solo in parte correggibili ma decisamente intoccabili! Una risposta inaccettabile ed illogica contro la quale la Minoranza continuer\u00e0 la propria azione democratica di contrasto nel tentativo di venire incontro alle esigenze di una citt\u00e0 moderna.\u201d<\/em><\/p>\n<p>A tal proposito il VicePresidente Imbesi ha concluso chiarendo che a partire dalla prossima settimana si far\u00e0 portavoce insieme ai Consiglieri di Minoranza di una <strong><span style=\"text-decoration: underline;\">ennesima raccolta firme per chiedere la sospensione della ZTL<\/span><\/strong>.<\/p>\n<p>\u201c<em>Se raccogliamo almeno 300 firme <\/em>\u2013 ha chiuso il VicePresidente \u2013<em>\u00a0 a norma dell\u2019articolo 43 del vigente Statuto Comunale l\u2019intera Assise Municipale dovr\u00e0 esprimersi entro 90 giorni dalla sua presentazione a favore o contro la nostra richiesta di sospensione della attuale regime della ZTL: in questa maniera non daremo ai Consiglieri di Maggioranza la possibilit\u00e0 di nascondersi, come spesso fanno, dietro le scelte monocratiche e frequentemente cervellotiche del Sindaco (che fuori dall\u2019aula consiliare spesso contestano apertamente ma che in Consiglio Comunale per\u00f2 non impugnano mai\u2026) ed ognuno di loro dovr\u00e0 dire se vuole mantenere in vita questa decisione fallimentare oppure intende sospenderla per il bene della propria citt\u00e0. Invito pertanto tutti i cittadini che la pensano come noi a venire a trovarmi in Comune per aiutarci a raccogliere le firme necessarie&#8230;\u201d<\/em><\/p>\n","protected":false},"excerpt":{"rendered":"<p>Il VicePresidente del Consiglio Comunale di Potenza, Antonino Imbesi, a nome di tutti i Gruppi di Opposizione che avevano chiesto la convocazione del Consiglio Comunale &#8230; <\/p>\n","protected":false},"author":1,"featured_media":0,"comment_status":"closed","ping_status":"closed","sticky":false,"template":"single-sidebar.php","format":"standard","meta":{"footnotes":""},"categories":[384],"tags":[],"class_list":["post-7123","post","type-post","status-publish","format-standard","hentry","category-c243-comunicati-stampa-dei-consiglieri-243"],"_links":{"self":[{"href":"https:\/\/archivio.comune.potenza.it\/index.php?rest_route=\/wp\/v2\/posts\/7123"}],"collection":[{"href":"https:\/\/archivio.comune.potenza.it\/index.php?rest_route=\/wp\/v2\/posts"}],"about":[{"href":"https:\/\/archivio.comune.potenza.it\/index.php?rest_route=\/wp\/v2\/types\/post"}],"author":[{"embeddable":true,"href":"https:\/\/archivio.comune.potenza.it\/index.php?rest_route=\/wp\/v2\/users\/1"}],"replies":[{"embeddable":true,"href":"https:\/\/archivio.comune.potenza.it\/index.php?rest_route=%2Fwp%2Fv2%2Fcomments&post=7123"}],"version-history":[{"count":0,"href":"https:\/\/archivio.comune.potenza.it\/index.php?rest_route=\/wp\/v2\/posts\/7123\/revisions"}],"wp:attachment":[{"href":"https:\/\/archivio.comune.potenza.it\/index.php?rest_route=%2Fwp%2Fv2%2Fmedia&parent=7123"}],"wp:term":[{"taxonomy":"category","embeddable":true,"href":"https:\/\/archivio.comune.potenza.it\/index.php?rest_route=%2Fwp%2Fv2%2Fcategories&post=7123"},{"taxonomy":"post_tag","embeddable":true,"href":"https:\/\/archivio.comune.potenza.it\/index.php?rest_route=%2Fwp%2Fv2%2Ftags&post=7123"}],"curies":[{"name":"wp","href":"https:\/\/api.w.org\/{rel}","templated":true}]}}