{"id":7167,"date":"2013-03-29T10:32:49","date_gmt":"2013-03-29T09:32:49","guid":{"rendered":"http:\/\/archivio.comune.potenza.it\/comune_wp\/?p=7167"},"modified":"2013-03-29T10:32:49","modified_gmt":"2013-03-29T09:32:49","slug":"nicola-becce-popolo-della-liberta-a-c-t-a","status":"publish","type":"post","link":"https:\/\/archivio.comune.potenza.it\/?p=7167","title":{"rendered":"Nicola Becce (Popolo della Libert\u00e0): A.C.T.A."},"content":{"rendered":"<p>Altro che risparmio e spending review. Sull&#8217;Acta spa quasi tutti i consiglieri comunali preferiscono attendere non si sa bene cosa e mantenere in vita un carrozzone che tra cda e organi direttivi costa alla citt\u00e0 oltre 300 mila euro.<\/p>\n<p>L&#8217;ultimo consiglio comunale lo ha dimostrato, dal momento che una mia mozione sul commissariamento e sulla necessit\u00e0 di provvedere all&#8217;internalizzazione del servizio di raccolta dei rifiuti in seno agli uffici Ambiente del Comune \u00e8 stata apostrofata e contestata come inopportuna e rimandata alla necessit\u00e0 di discuterla ad un apposito ordine del giorno. Un merito per\u00f2 me lo prendo: quello di aver lanciato una provocazione buona a svegliare dal lungo letargo la maggioranza e quella parte che era opposizione ma che per strani giochetti politici sembra sempre pi\u00f9 apparentata con il centrosinistra. E&#8217; bene per\u00f2 chiarire quello che \u00e8 il mio intento: l&#8217;Acta spa, societ\u00e0 per azioni partecipata da un unico soggetto pubblico, il Comune di Potenza, che detiene il 100% delle quote \u00e8 la prova delle difficolt\u00e0 nelle quali versano oggi le societ\u00e0 cosiddette \u201cin-house\u201d, alla luce della normativa nazionale sulla cosiddetta \u201cspending review. Da tempo ho proposto \u2013 trovando per la verit\u00e0 solo pochissime sponde \u2013 di eliminare l&#8217;Acta, la ex municipalizzata che si occupa dello smaltimento dei rifiuti e che con il suo apparato dirigente grava per diverse centinaia di migliaia di euro sulle tasche dei potentini. Tra presidente, consiglieri d\u2019amministrazione e direttore generale il Comune di Potenza spende un ingente quantitativo di denaro pubblico. Denaro pubblico, appunto e non simpatie o antipatie per Iacobuzio o per questo o quel membro del cda. Qui non \u00e8 in discussione la figura del presidente Iacobuzio, n\u00e9 alcun attacco \u00e8 mai stato sferrato nei suoi confronti per motivi personali. Chi come il collega Laieta lo pensa, deve essersi distratto e non aver interpretato il mio ragionamento in senso generale. Quello che mi preme sottolineare \u00e8 questo: ha senso mantenere un cda ed un presidente? Il cda sar\u00e0 rinnovato? E quando? Perch\u00e8 il mandato del direttore generale \u00e8 scaduto a dicembre ma nessuno ci dice se e quando verr\u00e0 rinnovato? Il sindaco nelle sue risposte evasive ha spiegato che il Consiglio di amministrazione andr\u00e0 rinnovato non appena verr\u00e0 stilato il bilancio di previsione. Bene: ci dica quando\u00a0 e con che criteri saranno scelti.<\/p>\n<p>Personalmente resto convinto della necessit\u00e0 di affidarsi ad un commissario in attesa di capire il futuro dell&#8217;Acta. Nel frattempo attendo con interesse il Consiglio in cui si discuter\u00e0 dell&#8217;Acta.<\/p>\n<p>Magari allargato al personale tutto e alle rappresentanze sindacali. Sar\u00e0 l&#8217;occasione per uscire allo scoperto e dimostrare davvero chi tiene alle sorti della nostra citt\u00e0. Per adesso tutti i problemi della citt\u00e0 li solleva l&#8217;opposizione e la maggioranza o pseudo maggioranza si limita a sbraitare e contestare. Col risultato che i problemi restano e il centrosinistra si divide le poltrone.<\/p>\n","protected":false},"excerpt":{"rendered":"<p>Altro che risparmio e spending review. Sull&#8217;Acta spa quasi tutti i consiglieri comunali preferiscono attendere non si sa bene cosa e mantenere in vita un &#8230; <\/p>\n","protected":false},"author":1,"featured_media":0,"comment_status":"closed","ping_status":"closed","sticky":false,"template":"single-sidebar.php","format":"standard","meta":{"footnotes":""},"categories":[384],"tags":[],"class_list":["post-7167","post","type-post","status-publish","format-standard","hentry","category-c243-comunicati-stampa-dei-consiglieri-243"],"_links":{"self":[{"href":"https:\/\/archivio.comune.potenza.it\/index.php?rest_route=\/wp\/v2\/posts\/7167"}],"collection":[{"href":"https:\/\/archivio.comune.potenza.it\/index.php?rest_route=\/wp\/v2\/posts"}],"about":[{"href":"https:\/\/archivio.comune.potenza.it\/index.php?rest_route=\/wp\/v2\/types\/post"}],"author":[{"embeddable":true,"href":"https:\/\/archivio.comune.potenza.it\/index.php?rest_route=\/wp\/v2\/users\/1"}],"replies":[{"embeddable":true,"href":"https:\/\/archivio.comune.potenza.it\/index.php?rest_route=%2Fwp%2Fv2%2Fcomments&post=7167"}],"version-history":[{"count":0,"href":"https:\/\/archivio.comune.potenza.it\/index.php?rest_route=\/wp\/v2\/posts\/7167\/revisions"}],"wp:attachment":[{"href":"https:\/\/archivio.comune.potenza.it\/index.php?rest_route=%2Fwp%2Fv2%2Fmedia&parent=7167"}],"wp:term":[{"taxonomy":"category","embeddable":true,"href":"https:\/\/archivio.comune.potenza.it\/index.php?rest_route=%2Fwp%2Fv2%2Fcategories&post=7167"},{"taxonomy":"post_tag","embeddable":true,"href":"https:\/\/archivio.comune.potenza.it\/index.php?rest_route=%2Fwp%2Fv2%2Ftags&post=7167"}],"curies":[{"name":"wp","href":"https:\/\/api.w.org\/{rel}","templated":true}]}}