{"id":7169,"date":"2013-03-29T10:39:50","date_gmt":"2013-03-29T09:39:50","guid":{"rendered":"http:\/\/archivio.comune.potenza.it\/comune_wp\/?p=7169"},"modified":"2013-03-29T10:39:50","modified_gmt":"2013-03-29T09:39:50","slug":"rocco-fiore-partito-democratico-chiusura-call-center-telecom","status":"publish","type":"post","link":"https:\/\/archivio.comune.potenza.it\/?p=7169","title":{"rendered":"Rocco Fiore (Partito Democratico): Chiusura call center Telecom"},"content":{"rendered":"<p>Continua lo smembramento selvaggio e drammatico di uffici e servizi da parte di importanti aziende pubbliche e private ai danni della citt\u00e0 di Potenza e dell&#8217;intera nostra Regione. \u00c8 di ieri la notizia dell&#8217;accordo siglato tra la societ\u00e0 Telecom Italia e le parti sindacali con il quale si proceder\u00e0 alla chiusura di circa 40 uffici in altrettante citt\u00e0 italiane tra cui quello di Potenza del servizio di call center 187 e che costringer\u00e0 al telelavoro i dipendenti attualmente in servizio. Una soluzione irrispettosa ed offensiva della dignit\u00e0 dei lavoratori dell&#8217;azienda gi\u00e0 interessati da tempo da contratto di solidariet\u00e0 e che rappresenta solo l&#8217;ultimo passaggio propedeutico alla definitiva chiusura del\u00a0 call center nel capoluogo regionale e nelle altre citt\u00e0 italiane.<\/p>\n<p>La conseguenza per i numerosi uffici coinvolti in tutta Italia dalla chiusura e dal passaggio al telelavoro sar\u00e0 una riduzione salariale ai danni dei lavoratori ed una modalit\u00e0 lavorativa che rappresenta la negazione del rapporto sociale ed umano che pure dovrebbe derivare dallo svolgimento del proprio lavoro.<\/p>\n<p>Non possiamo rimanere indifferenti dinanzi all&#8217;ennesimo atto di &#8220;maltrattamento&#8221; da parte di importanti aziende italiane che senza alcun preavviso e dopo moltissimi anni di presenza sul nostro territorio decidono di chiudere tutto creando innumerevoli difficolt\u00e0 ad i propri lavoratori.<\/p>\n<p>E\u2019 per questo che nei prossimi giorni presenter\u00f2 un ordine del giorno in Consiglio Comunale per sensibilizzare l&#8217;intera assise cittadina e l&#8217;Amministrazione Comunale a riguardo, manifestare vicinanza ai lavoratori coinvolti e chiedere che venga messa in campo ogni possibile azione anche coinvolgendo le altre Istituzioni Regionali affinch\u00e9 si tenti di salvare l&#8217;esistenza di un servizio importante e storico come quello del call center Telecom Italia presente da anni nella nostra citt\u00e0.<\/p>\n","protected":false},"excerpt":{"rendered":"<p>Continua lo smembramento selvaggio e drammatico di uffici e servizi da parte di importanti aziende pubbliche e private ai danni della citt\u00e0 di Potenza e &#8230; <\/p>\n","protected":false},"author":1,"featured_media":0,"comment_status":"closed","ping_status":"closed","sticky":false,"template":"single-sidebar.php","format":"standard","meta":{"footnotes":""},"categories":[384],"tags":[],"class_list":["post-7169","post","type-post","status-publish","format-standard","hentry","category-c243-comunicati-stampa-dei-consiglieri-243"],"_links":{"self":[{"href":"https:\/\/archivio.comune.potenza.it\/index.php?rest_route=\/wp\/v2\/posts\/7169"}],"collection":[{"href":"https:\/\/archivio.comune.potenza.it\/index.php?rest_route=\/wp\/v2\/posts"}],"about":[{"href":"https:\/\/archivio.comune.potenza.it\/index.php?rest_route=\/wp\/v2\/types\/post"}],"author":[{"embeddable":true,"href":"https:\/\/archivio.comune.potenza.it\/index.php?rest_route=\/wp\/v2\/users\/1"}],"replies":[{"embeddable":true,"href":"https:\/\/archivio.comune.potenza.it\/index.php?rest_route=%2Fwp%2Fv2%2Fcomments&post=7169"}],"version-history":[{"count":0,"href":"https:\/\/archivio.comune.potenza.it\/index.php?rest_route=\/wp\/v2\/posts\/7169\/revisions"}],"wp:attachment":[{"href":"https:\/\/archivio.comune.potenza.it\/index.php?rest_route=%2Fwp%2Fv2%2Fmedia&parent=7169"}],"wp:term":[{"taxonomy":"category","embeddable":true,"href":"https:\/\/archivio.comune.potenza.it\/index.php?rest_route=%2Fwp%2Fv2%2Fcategories&post=7169"},{"taxonomy":"post_tag","embeddable":true,"href":"https:\/\/archivio.comune.potenza.it\/index.php?rest_route=%2Fwp%2Fv2%2Ftags&post=7169"}],"curies":[{"name":"wp","href":"https:\/\/api.w.org\/{rel}","templated":true}]}}