{"id":7174,"date":"2013-03-30T11:12:58","date_gmt":"2013-03-30T10:12:58","guid":{"rendered":"http:\/\/archivio.comune.potenza.it\/comune_wp\/?p=7174"},"modified":"2013-03-30T11:12:58","modified_gmt":"2013-03-30T10:12:58","slug":"carretta-pd-su-ztl-e-trasporto-urbano-in-citta-2","status":"publish","type":"post","link":"https:\/\/archivio.comune.potenza.it\/?p=7174","title":{"rendered":"Carretta (Pd) su Ztl e trasporto urbano in citt\u00e0"},"content":{"rendered":"<p style=\"text-align: justify;\"><span style=\"line-height: 1.3em;\">\u201cLa conferenza stampa indetta dalle forze di Opposizione in seno al Consiglio Comunale di Potenza finalizzata alla petizione popolare per la sospensione della ZTL \u00e8 chiaramente contraddittoria, populista e demagogica con quanto pi\u00f9 volte sostenuto nelle competenti Commissioni Consiliari e in Consiglio Comunale.\u201d<\/span><span style=\"line-height: 1.3em;\">Cos\u00ec il capogruppo del Pd in Consiglio Comunale Gianpaolo Carretta per il quale \u201ctale iniziativa vuole ricollocare Potenza tra le citt\u00e0 pi\u00f9 arretrate e sottosviluppate sia da un punto di vista culturale che in relazione ai temi della viabilit\u00e0 e della mobilit\u00e0, mortificandone il ruolo e le potenzialit\u00e0.<\/span><span style=\"line-height: 1.3em;\">L\u2019esigenza della chiusura al traffico nel centro storico nata, come pi\u00f9 volte ribadito, dall\u2019urgenza di restituire alla zona una serena e decorosa vivibilit\u00e0, va vista \u2013 continua- come un importante provvedimento, che ha voluto uniformare Potenza al resto delle citt\u00e0 italiane, dove la ZTL funziona benissimo con notevoli vantaggi anche per l\u2019ambiente, grazie alla riduzione dei livelli di inquinamento atmosferico ed acustico, qualificando i Centri storici sotto il profilo socio economico e socio culturale.<\/span><span style=\"line-height: 1.3em;\">Dopo un primo periodo di sperimentazione e dopo un momento di grande partecipazione popolare e di confronto democratico, l\u2019Amministrazione comunale, con grande acume, ha deciso di porre correttivi che potessero contemperare le esigenze dei residenti, dei commercianti e di tutta la comunit\u00e0 che vuole fruire del salotto buono della citt\u00e0.<\/span><\/p>\n<p style=\"text-align: justify;\">Adesso a pi\u00f9 di un anno dalla sperimentazione \u00e8 possibile ritenere \u2013 aggiunge Carretta- che le aree pedonabili di Piazza Sedile, Piazza Pignatari, Largo Duomo e di Santa Lucia, debbano rimanere tali, con l\u2019ausilio di telecamere che ne controllino le eventuali trasgressioni. L\u2019Amministrazione comunale, ha, con intelligenza, apportato alcune modifiche, sempre dopo aver ascoltato la Citt\u00e0 ed in linea con la genesi sperimentale del provvedimento, ma adesso \u00e8 giunto il momento di arrivare ad una soluzione definitiva che cristallizzi una sola fascia oraria e contemperando le esigenze dei fruitori del Centro storico e degli operatori economici. Siamo sicuri che il Sindaco e la sua Giunta nei prossimi giorni adotteranno un provvedimento definitivo che in maniera intelligente e razionale contempli tutte queste esigenze.<span style=\"line-height: 1.3em;\">Una citt\u00e0 con un ambizioso progetto di crescita, come Potenza, con quattro percorsi di scale mobili, una linea metropolitana di superficie, autobus e parcheggi, mette ai primi posti dei suoi programmi \u2013 conclude Carretta- quello sul trasporto pubblico innovativo e differente dal sistema tradizionale di trasporto che in uno alla ZTL cambier\u00e0 il volto del Centro storico e della citt\u00e0.\u201d<\/span><\/p>\n","protected":false},"excerpt":{"rendered":"<p>\u201cLa conferenza stampa indetta dalle forze di Opposizione in seno al Consiglio Comunale di Potenza finalizzata alla petizione popolare per la sospensione della ZTL \u00e8 &#8230; <\/p>\n","protected":false},"author":1,"featured_media":0,"comment_status":"closed","ping_status":"closed","sticky":false,"template":"single-sidebar.php","format":"standard","meta":{"footnotes":""},"categories":[384],"tags":[],"class_list":["post-7174","post","type-post","status-publish","format-standard","hentry","category-c243-comunicati-stampa-dei-consiglieri-243"],"_links":{"self":[{"href":"https:\/\/archivio.comune.potenza.it\/index.php?rest_route=\/wp\/v2\/posts\/7174"}],"collection":[{"href":"https:\/\/archivio.comune.potenza.it\/index.php?rest_route=\/wp\/v2\/posts"}],"about":[{"href":"https:\/\/archivio.comune.potenza.it\/index.php?rest_route=\/wp\/v2\/types\/post"}],"author":[{"embeddable":true,"href":"https:\/\/archivio.comune.potenza.it\/index.php?rest_route=\/wp\/v2\/users\/1"}],"replies":[{"embeddable":true,"href":"https:\/\/archivio.comune.potenza.it\/index.php?rest_route=%2Fwp%2Fv2%2Fcomments&post=7174"}],"version-history":[{"count":0,"href":"https:\/\/archivio.comune.potenza.it\/index.php?rest_route=\/wp\/v2\/posts\/7174\/revisions"}],"wp:attachment":[{"href":"https:\/\/archivio.comune.potenza.it\/index.php?rest_route=%2Fwp%2Fv2%2Fmedia&parent=7174"}],"wp:term":[{"taxonomy":"category","embeddable":true,"href":"https:\/\/archivio.comune.potenza.it\/index.php?rest_route=%2Fwp%2Fv2%2Fcategories&post=7174"},{"taxonomy":"post_tag","embeddable":true,"href":"https:\/\/archivio.comune.potenza.it\/index.php?rest_route=%2Fwp%2Fv2%2Ftags&post=7174"}],"curies":[{"name":"wp","href":"https:\/\/api.w.org\/{rel}","templated":true}]}}