{"id":7187,"date":"2013-04-04T08:58:12","date_gmt":"2013-04-04T06:58:12","guid":{"rendered":"http:\/\/archivio.comune.potenza.it\/comune_wp\/?p=7187"},"modified":"2013-04-04T08:58:12","modified_gmt":"2013-04-04T06:58:12","slug":"gianpaolo-carretta-partito-democratico-completamento-del-nodo-complesso-del-gallitello","status":"publish","type":"post","link":"https:\/\/archivio.comune.potenza.it\/?p=7187","title":{"rendered":"Gianpaolo Carretta (Partito Democratico): Completamento del Nodo Complesso del Gallitello"},"content":{"rendered":"<p>L\u2019opera strategica del Nodo Complesso del Gallitello \u00e8 purtroppo in una fase di stand-by, a causa del procedimento fallimentare della Dec, a seguito dell\u2019inchiesta giudiziaria che ha coinvolto i proprietari.<\/p>\n<p>Non \u00e8 bastato l\u2019ultimatum lanciato mesi fa dall\u2019Amministrazione comunale all\u2019impresa appaltatrice, n\u00e9 tutte le possibili iniziative giuridico-procedurali messe in campo per arrivare alla ripresa dei lavori, ricordando che un primo rallentamento \u00e8 stato causato dall\u2019area archeologica emersa nel corso dei lavori.<\/p>\n<p>L\u2019Amministrazione sta comunque portando avanti il lavoro per il raggiungimento di una veloce risoluzione per il completamento dei lavori di questa importantissima opera pubblica, la cui realizzazione includer\u00e0 nuove aree di svincolo che miglioreranno la transitabilit\u00e0 e la viabilit\u00e0 in un\u2019area densamente trafficata, eliminando anche l\u2019annoso problema dell\u2019attraversamento del passaggio a livello.\u00a0\u00a0\u00a0\u00a0\u00a0\u00a0\u00a0\u00a0\u00a0<\/p>\n<p>Si sperava potessero le imprese locali subappaltatrici prendere le redini dei lavori attraverso il frazionamento dell\u2019appalto stesso, che avrebbe generato anche uno sviluppo dell\u2019economia locale, ma purtroppo questa soluzione non sembra attuabile.<\/p>\n<p>Si auspica, dunque, che, con i dovuti tempi tecnici e burocratici,\u00a0 l\u2019opera venga terminata il prima possibile, attendendo il collaudo delle opere gi\u00e0 concluse e i soldi che la ditta dovr\u00e0 pagare come danno all\u2019Amministrazione, che andranno a sommarsi ai quattro milioni di euro gi\u00e0 stanziati per l\u2019opera, che sono sempre disponibili e in attesa di essere investiti nei lavori di completamento.<\/p>\n","protected":false},"excerpt":{"rendered":"<p>L\u2019opera strategica del Nodo Complesso del Gallitello \u00e8 purtroppo in una fase di stand-by, a causa del procedimento fallimentare della Dec, a seguito dell\u2019inchiesta giudiziaria &#8230; <\/p>\n","protected":false},"author":1,"featured_media":0,"comment_status":"closed","ping_status":"closed","sticky":false,"template":"single-sidebar.php","format":"standard","meta":{"footnotes":""},"categories":[384],"tags":[],"class_list":["post-7187","post","type-post","status-publish","format-standard","hentry","category-c243-comunicati-stampa-dei-consiglieri-243"],"_links":{"self":[{"href":"https:\/\/archivio.comune.potenza.it\/index.php?rest_route=\/wp\/v2\/posts\/7187"}],"collection":[{"href":"https:\/\/archivio.comune.potenza.it\/index.php?rest_route=\/wp\/v2\/posts"}],"about":[{"href":"https:\/\/archivio.comune.potenza.it\/index.php?rest_route=\/wp\/v2\/types\/post"}],"author":[{"embeddable":true,"href":"https:\/\/archivio.comune.potenza.it\/index.php?rest_route=\/wp\/v2\/users\/1"}],"replies":[{"embeddable":true,"href":"https:\/\/archivio.comune.potenza.it\/index.php?rest_route=%2Fwp%2Fv2%2Fcomments&post=7187"}],"version-history":[{"count":0,"href":"https:\/\/archivio.comune.potenza.it\/index.php?rest_route=\/wp\/v2\/posts\/7187\/revisions"}],"wp:attachment":[{"href":"https:\/\/archivio.comune.potenza.it\/index.php?rest_route=%2Fwp%2Fv2%2Fmedia&parent=7187"}],"wp:term":[{"taxonomy":"category","embeddable":true,"href":"https:\/\/archivio.comune.potenza.it\/index.php?rest_route=%2Fwp%2Fv2%2Fcategories&post=7187"},{"taxonomy":"post_tag","embeddable":true,"href":"https:\/\/archivio.comune.potenza.it\/index.php?rest_route=%2Fwp%2Fv2%2Ftags&post=7187"}],"curies":[{"name":"wp","href":"https:\/\/api.w.org\/{rel}","templated":true}]}}