{"id":7203,"date":"2013-04-06T10:18:05","date_gmt":"2013-04-06T08:18:05","guid":{"rendered":"http:\/\/archivio.comune.potenza.it\/comune_wp\/?p=7203"},"modified":"2013-04-06T10:18:05","modified_gmt":"2013-04-06T08:18:05","slug":"nicola-becce-popolo-della-liberta-tares","status":"publish","type":"post","link":"https:\/\/archivio.comune.potenza.it\/?p=7203","title":{"rendered":"Nicola Becce (Popolo della Libert\u00e0): TARES"},"content":{"rendered":"<p>In attesa di una decisione certa da parte del Governo sulla Tares, i cittadini italiani continuano a vivere in un clima preoccupante ed in molti casi drammatico. Per molti lo slittamento a dicembre della Tares non basta perch\u00e9 i 30 centesimi in pi\u00f9 al metro quadro che si andranno a pagare a fronte di \u201cservizi vari\u201d si avvicinano ad una mini patrimoniale (da aggiungere all\u2019Imu). Di quest\u2019idea sono soprattutto le aziende e i Comuni, anche perch\u00e9 gli aumenti dell\u2019imposta andranno a finire nelle casse dello Stato. Per fare due conti il passaggio da Tia e Tarsu a Tares coster\u00e0 al cittadino, in media, 45,75 euro in pi\u00f9, una batosta di 421 euro (solo come aumento della tassazione) per il 2013, tra aumento dell\u2019Iva, Tares e addizionali territoriali. Tornando alla Tares, la questione non riguarda solo il suo slittamento, ma anche il suo \u201cammontare\u201d: l\u2019aggravio di 30 centesimi a metro quadro \u00e8 previsto per una serie di servizi \u201cindivisibili\u201d (illuminazione e manutenzione strade, ecc.). E\u2019 necessario prevedere forme di \u201ccompensazione sociale\u201d per i bassi redditi o per situazioni particolari in cui siano sopraggiunte mobilit\u00e0, disoccupazione, particolari condizioni di difficolt\u00e0, stante il crescente fenomeno della morosit\u00e0 e\/o insolvenza, E\u2019 auspicabile infine che i nuovi piani tributari per il servizio di raccolta dei rifiuti solidi urbani ed i relativi regolamenti siano oggetto di confronto con le associazioni dei consumatori, cos\u00ec come le carte dei servizi la cui applicazione \u00e8 obbligatoria in tutti i comuni per fornire un servizio migliore, pi\u00f9 trasparente ed improntato al rispetto e coinvolgimento dei cittadini. Sar\u00e0 un\u2019estate inevitabilmente infuocata quella che si prospetta nel 2013 che vedr\u00e0 l\u2019avvicendarsi di tributi Imu, Tares, tasse locali sempre pi\u00f9 consistenti a fronte dei tagli operati dallo Stato agli Enti territoriali, tutti riversati sulle tasche dei consumatori-contribuenti, mentre sullo sfondo rimane anche il non ancora scongiurato pericolo di aumento dell\u2019Iva dal 21 al 22%. La politica dovrebbe contribuire seriamente ad abbassare la pressione fiscale ed ogni cittadino deve prendere atto del fallimento della societ\u00e0 dei consumi e avviare la costruzione della societ\u00e0 dei consumatori, altrimenti a pagare il conto saranno le nuove generazioni.<\/p>\n","protected":false},"excerpt":{"rendered":"<p>In attesa di una decisione certa da parte del Governo sulla Tares, i cittadini italiani continuano a vivere in un clima preoccupante ed in molti &#8230; <\/p>\n","protected":false},"author":1,"featured_media":0,"comment_status":"closed","ping_status":"closed","sticky":false,"template":"single-sidebar.php","format":"standard","meta":{"footnotes":""},"categories":[384],"tags":[],"class_list":["post-7203","post","type-post","status-publish","format-standard","hentry","category-c243-comunicati-stampa-dei-consiglieri-243"],"_links":{"self":[{"href":"https:\/\/archivio.comune.potenza.it\/index.php?rest_route=\/wp\/v2\/posts\/7203"}],"collection":[{"href":"https:\/\/archivio.comune.potenza.it\/index.php?rest_route=\/wp\/v2\/posts"}],"about":[{"href":"https:\/\/archivio.comune.potenza.it\/index.php?rest_route=\/wp\/v2\/types\/post"}],"author":[{"embeddable":true,"href":"https:\/\/archivio.comune.potenza.it\/index.php?rest_route=\/wp\/v2\/users\/1"}],"replies":[{"embeddable":true,"href":"https:\/\/archivio.comune.potenza.it\/index.php?rest_route=%2Fwp%2Fv2%2Fcomments&post=7203"}],"version-history":[{"count":0,"href":"https:\/\/archivio.comune.potenza.it\/index.php?rest_route=\/wp\/v2\/posts\/7203\/revisions"}],"wp:attachment":[{"href":"https:\/\/archivio.comune.potenza.it\/index.php?rest_route=%2Fwp%2Fv2%2Fmedia&parent=7203"}],"wp:term":[{"taxonomy":"category","embeddable":true,"href":"https:\/\/archivio.comune.potenza.it\/index.php?rest_route=%2Fwp%2Fv2%2Fcategories&post=7203"},{"taxonomy":"post_tag","embeddable":true,"href":"https:\/\/archivio.comune.potenza.it\/index.php?rest_route=%2Fwp%2Fv2%2Ftags&post=7203"}],"curies":[{"name":"wp","href":"https:\/\/api.w.org\/{rel}","templated":true}]}}