{"id":7208,"date":"2013-04-08T07:14:37","date_gmt":"2013-04-08T05:14:37","guid":{"rendered":"http:\/\/archivio.comune.potenza.it\/comune_wp\/?p=7208"},"modified":"2013-04-08T07:14:37","modified_gmt":"2013-04-08T05:14:37","slug":"gianpaolo-carretta-partito-democratico-contratto-di-valorizzazione-urbana","status":"publish","type":"post","link":"https:\/\/archivio.comune.potenza.it\/?p=7208","title":{"rendered":"Gianpaolo Carretta (Partito Democratico): Contratto di valorizzazione urbana"},"content":{"rendered":"<p>Il comune di Potenza, insieme a quello dell\u2019Aquila, \u00e8 il primo capoluogo a presentare i contratti di valorizzazione urbana, accordi sottoscritti tra Comuni e Ministero delle Infrastrutture per concretizzare gli interventi proposti nel Piano Citt\u00e0, la cui presentazione del progetto \u00e8 stata consegnata dal Comune di Potenza alcuni mesi fa, cogliendo una nuova opportunit\u00e0 di riqualificazione urbana e di sviluppo edilizio in alcune zone strategiche del nostro capoluogo.<\/p>\n<p>Va ricordato, infatti, che il Piano prevede il recupero urbano del quartiere Bucaletto e la realizzazione di 360 alloggi di edilizia sociale, gran parte dei quali nel suddetto quartiere e i rimanenti nel rione Francioso e nella cosiddetta zona G, contribuendo alla soluzione di numerose problematiche di natura sociale che caratterizzano la nostra periferia.<\/p>\n<p>Il contratto di valorizzazione, per essere sottoscritto insieme al Ministero, dovr\u00e0 per\u00f2 ottenere l\u2019autorizzazione della Corte dei Conti, con una tempistica al massimo di qualche mese, dopo la quale si potr\u00e0 finalmente attuare la riconversione di un quartiere disagiato come Bucaletto in area attrezzata di alloggi, di parchi, di piazze, di centri direzionali e sportivi.<\/p>\n<p>L\u2019impegno dell\u2019Amministrazione comunale a trovare le giuste soluzioni e ad utilizzare ogni tipo di finanziamento necessario al miglioramento della citt\u00e0, appare come il pi\u00f9 giusto esempio di lavoro credibile, finalizzato alla complessiva evoluzione di un\u2019intera comunit\u00e0, rendendo il rapporto di fiducia stabilito con i cittadini sempre pi\u00f9 solido.<\/p>\n","protected":false},"excerpt":{"rendered":"<p>Il comune di Potenza, insieme a quello dell\u2019Aquila, \u00e8 il primo capoluogo a presentare i contratti di valorizzazione urbana, accordi sottoscritti tra Comuni e Ministero &#8230; <\/p>\n","protected":false},"author":1,"featured_media":0,"comment_status":"closed","ping_status":"closed","sticky":false,"template":"single-sidebar.php","format":"standard","meta":{"footnotes":""},"categories":[384],"tags":[],"class_list":["post-7208","post","type-post","status-publish","format-standard","hentry","category-c243-comunicati-stampa-dei-consiglieri-243"],"_links":{"self":[{"href":"https:\/\/archivio.comune.potenza.it\/index.php?rest_route=\/wp\/v2\/posts\/7208"}],"collection":[{"href":"https:\/\/archivio.comune.potenza.it\/index.php?rest_route=\/wp\/v2\/posts"}],"about":[{"href":"https:\/\/archivio.comune.potenza.it\/index.php?rest_route=\/wp\/v2\/types\/post"}],"author":[{"embeddable":true,"href":"https:\/\/archivio.comune.potenza.it\/index.php?rest_route=\/wp\/v2\/users\/1"}],"replies":[{"embeddable":true,"href":"https:\/\/archivio.comune.potenza.it\/index.php?rest_route=%2Fwp%2Fv2%2Fcomments&post=7208"}],"version-history":[{"count":0,"href":"https:\/\/archivio.comune.potenza.it\/index.php?rest_route=\/wp\/v2\/posts\/7208\/revisions"}],"wp:attachment":[{"href":"https:\/\/archivio.comune.potenza.it\/index.php?rest_route=%2Fwp%2Fv2%2Fmedia&parent=7208"}],"wp:term":[{"taxonomy":"category","embeddable":true,"href":"https:\/\/archivio.comune.potenza.it\/index.php?rest_route=%2Fwp%2Fv2%2Fcategories&post=7208"},{"taxonomy":"post_tag","embeddable":true,"href":"https:\/\/archivio.comune.potenza.it\/index.php?rest_route=%2Fwp%2Fv2%2Ftags&post=7208"}],"curies":[{"name":"wp","href":"https:\/\/api.w.org\/{rel}","templated":true}]}}