{"id":7222,"date":"2013-04-10T07:41:25","date_gmt":"2013-04-10T05:41:25","guid":{"rendered":"http:\/\/archivio.comune.potenza.it\/comune_wp\/?p=7222"},"modified":"2013-04-10T07:41:25","modified_gmt":"2013-04-10T05:41:25","slug":"gianpaolo-carretta-partito-democratico-modifiche-alla-ztl","status":"publish","type":"post","link":"https:\/\/archivio.comune.potenza.it\/?p=7222","title":{"rendered":"Gianpaolo Carretta (Partito Democratico): Modifiche alla Ztl"},"content":{"rendered":"<p>Il Gruppo del Partito Democratico accoglie con favore la nuova disciplina della Ztl che entra in vigore oggi, dopo numerosi incontri avuti dall\u2019Amministrazione comunale con la cittadinanza e sentito il parere della Prima Commissione Consiliare.<\/p>\n<p>Siamo estremamente soddisfatti che l\u2019Amministrazione comunale abbia posto alcuni correttivi suggeriti dal Gruppo PD, come l\u2019istituzione di una sola fascia oraria, la pedonalizzazione di Piazza Sedile, Piazza Pignatari, Largo Duomo e di Santa Lucia, e la riduzione del ticket di parcheggio,\u00a0\u00a0 contemperando le esigenze dei residenti, dei commercianti e di tutta la comunit\u00e0.<\/p>\n<p>L\u2019iniziativa, volta ad uniformare Potenza al resto delle citt\u00e0 italiane, potenziandone il ruolo sia da un punto di vista culturale che da un punto di vista dello sviluppo della viabilit\u00e0 e della mobilit\u00e0, restituisce al centro storico una serena e decorosa vivibilit\u00e0, e una riqualificazione economica e socioculturale, con attenzione e rispetto per i veri fruitori della citt\u00e0, che sono i cittadini stessi.<\/p>\n","protected":false},"excerpt":{"rendered":"<p>Il Gruppo del Partito Democratico accoglie con favore la nuova disciplina della Ztl che entra in vigore oggi, dopo numerosi incontri avuti dall\u2019Amministrazione comunale con &#8230; <\/p>\n","protected":false},"author":1,"featured_media":0,"comment_status":"closed","ping_status":"closed","sticky":false,"template":"single-sidebar.php","format":"standard","meta":{"footnotes":""},"categories":[384],"tags":[],"class_list":["post-7222","post","type-post","status-publish","format-standard","hentry","category-c243-comunicati-stampa-dei-consiglieri-243"],"_links":{"self":[{"href":"https:\/\/archivio.comune.potenza.it\/index.php?rest_route=\/wp\/v2\/posts\/7222"}],"collection":[{"href":"https:\/\/archivio.comune.potenza.it\/index.php?rest_route=\/wp\/v2\/posts"}],"about":[{"href":"https:\/\/archivio.comune.potenza.it\/index.php?rest_route=\/wp\/v2\/types\/post"}],"author":[{"embeddable":true,"href":"https:\/\/archivio.comune.potenza.it\/index.php?rest_route=\/wp\/v2\/users\/1"}],"replies":[{"embeddable":true,"href":"https:\/\/archivio.comune.potenza.it\/index.php?rest_route=%2Fwp%2Fv2%2Fcomments&post=7222"}],"version-history":[{"count":0,"href":"https:\/\/archivio.comune.potenza.it\/index.php?rest_route=\/wp\/v2\/posts\/7222\/revisions"}],"wp:attachment":[{"href":"https:\/\/archivio.comune.potenza.it\/index.php?rest_route=%2Fwp%2Fv2%2Fmedia&parent=7222"}],"wp:term":[{"taxonomy":"category","embeddable":true,"href":"https:\/\/archivio.comune.potenza.it\/index.php?rest_route=%2Fwp%2Fv2%2Fcategories&post=7222"},{"taxonomy":"post_tag","embeddable":true,"href":"https:\/\/archivio.comune.potenza.it\/index.php?rest_route=%2Fwp%2Fv2%2Ftags&post=7222"}],"curies":[{"name":"wp","href":"https:\/\/api.w.org\/{rel}","templated":true}]}}