{"id":7225,"date":"2013-04-10T08:35:48","date_gmt":"2013-04-10T06:35:48","guid":{"rendered":"http:\/\/archivio.comune.potenza.it\/comune_wp\/?p=7225"},"modified":"2013-04-10T08:35:48","modified_gmt":"2013-04-10T06:35:48","slug":"gianpaolo-carretta-partito-democratico-ripristino-manto-stradale","status":"publish","type":"post","link":"https:\/\/archivio.comune.potenza.it\/?p=7225","title":{"rendered":"Gianpaolo Carretta (Partito Democratico): Ripristino manto stradale"},"content":{"rendered":"<p>L\u2019emergenza del dissesto del manto stradale \u00e8 stata colta come uno degli interventi pi\u00f9 importanti e tempestivi da dover risolvere. Le piogge della stagione invernale hanno lasciato l\u2019asfalto in condizioni particolarmente malridotte, in molte zone della citt\u00e0, alle quali si sono aggiunti i solchi spesso lasciati dagli scavi dei lavori alla rete fognaria, o dei lavori di cablaggio per l\u2019implementazioni delle reti telefoniche.<\/p>\n<p>L\u2019interesse dell\u2019Amministrazione comunale \u00e8 di risolvere ogni inconveniente al fine di garantire alla cittadinanza il minor numero possibile di disagi, pur dovendo, alcune volte, scontrarsi con la poca solerzia degli Enti terzi, ed \u00e8 per questo motivo che \u00e8 iniziato il programma di manutenzione ordinaria delle strade, a cui si aggiunger\u00e0 a seguire un programma straordinario nelle zone ad alto flusso veicolare.<\/p>\n<p>A tal proposito, si chiede ai cittadini, collaborazione e comprensione nei confronti dei lavori necessari, che saranno ultimati in tempi brevi, grazie alla continua supervisione dell\u2019Assessorato preposto.<\/p>\n<p>\u00a0<\/p>\n","protected":false},"excerpt":{"rendered":"<p>L\u2019emergenza del dissesto del manto stradale \u00e8 stata colta come uno degli interventi pi\u00f9 importanti e tempestivi da dover risolvere. Le piogge della stagione invernale &#8230; <\/p>\n","protected":false},"author":1,"featured_media":0,"comment_status":"closed","ping_status":"closed","sticky":false,"template":"single-sidebar.php","format":"standard","meta":{"footnotes":""},"categories":[384],"tags":[],"class_list":["post-7225","post","type-post","status-publish","format-standard","hentry","category-c243-comunicati-stampa-dei-consiglieri-243"],"_links":{"self":[{"href":"https:\/\/archivio.comune.potenza.it\/index.php?rest_route=\/wp\/v2\/posts\/7225"}],"collection":[{"href":"https:\/\/archivio.comune.potenza.it\/index.php?rest_route=\/wp\/v2\/posts"}],"about":[{"href":"https:\/\/archivio.comune.potenza.it\/index.php?rest_route=\/wp\/v2\/types\/post"}],"author":[{"embeddable":true,"href":"https:\/\/archivio.comune.potenza.it\/index.php?rest_route=\/wp\/v2\/users\/1"}],"replies":[{"embeddable":true,"href":"https:\/\/archivio.comune.potenza.it\/index.php?rest_route=%2Fwp%2Fv2%2Fcomments&post=7225"}],"version-history":[{"count":0,"href":"https:\/\/archivio.comune.potenza.it\/index.php?rest_route=\/wp\/v2\/posts\/7225\/revisions"}],"wp:attachment":[{"href":"https:\/\/archivio.comune.potenza.it\/index.php?rest_route=%2Fwp%2Fv2%2Fmedia&parent=7225"}],"wp:term":[{"taxonomy":"category","embeddable":true,"href":"https:\/\/archivio.comune.potenza.it\/index.php?rest_route=%2Fwp%2Fv2%2Fcategories&post=7225"},{"taxonomy":"post_tag","embeddable":true,"href":"https:\/\/archivio.comune.potenza.it\/index.php?rest_route=%2Fwp%2Fv2%2Ftags&post=7225"}],"curies":[{"name":"wp","href":"https:\/\/api.w.org\/{rel}","templated":true}]}}