{"id":7254,"date":"2013-04-13T13:34:15","date_gmt":"2013-04-13T11:34:15","guid":{"rendered":"http:\/\/archivio.comune.potenza.it\/comune_wp\/?p=7254"},"modified":"2013-04-13T13:34:15","modified_gmt":"2013-04-13T11:34:15","slug":"becce-pdl-replica-a-carretta-su-acta","status":"publish","type":"post","link":"https:\/\/archivio.comune.potenza.it\/?p=7254","title":{"rendered":"Becce (Pdl) replica a Carretta su ACTA"},"content":{"rendered":"<p style=\"text-align: justify;\"><span style=\"line-height: 1.3em;\">Strana davvero a volte la politica. O meglio le posizioni politiche che i assumono nei luoghi deputati. Solo qualche settimana fa, ho presentato in Consiglio comunale, dopo una considerazione che porto avanti da quasi due anni, una mozione per eliminare il cda dell&#8217;Acta e provvedere alla nomina di un amministratore unico (dopo il percorso intermedio gestito da un commissario straordinario). Scelta dettata solo dalla necessit\u00e0 di rimodulare la struttura aziendale con l&#8217;obiettivo di determinare un cospicuo risparmio dei costi dell&#8217;apparato dirigente. In quell&#8217;occasione &#8211; quasi tutte le forze presenti nel Consiglio comunale &#8211; hanno bocciato la mia mozione, ritenendo necessaria una valutazione complessiva sull&#8217;operato dell&#8217;azienda per la tutela ambientale e che si occupa dello smaltimento dei rifiuti e dunque della mission cui sar\u00e0 chiamata nel futuro prossimo anche alla luce del nuovo progetto di raccolta differenziata che coinvolge i comuni dell&#8217;hinterland. Ho fatto conclusioni affrettate? Resto convinto di no. E lo dico in forza dell&#8217;assurda &#8211; mi sia consentito il termine &#8211; presa di posizione giunta dal capogruppo del Pd Carretta. L&#8217;esponente del partito di maggioranza relativa a Potenza e che in consiglio ha respinto la mia mozione, ha diramato ieri una nota &#8211; ripresa anche dalla stampa &#8211; in cui parla di condizioni per cui l\u2019Acta si apra all\u2019esterno come gestore unico dei rifiuti. Accanto al ripristino dell\u2019equilibrio della pianta organica, al momento sbilanciata tra area tecnica ed area amministrativa, a favore di quest\u2019ultima e \u00a0l\u2019avvio di un regime della gestione del ciclo dei rifiuti non pi\u00f9 in ambito cittadino, bens\u00ec comprensoriale, Carretta parla di\u00a0 rimodulazione della struttura aziendale e del Consiglio di amministrazione, con la presenza di due elementi interni e di un solo elemento esterno, o di un Amministratore unico. Esattamente il contenuto della mozione presentata in aula e troppo frettolosamente accantonata. Che dire: Carretta predica bene e razzola male. A questo punto venga a spiegare in un apposito consiglio sull&#8217;Acta\u00a0 perch\u00e8 \u00e8 pi\u00f9 facile fare proclami che compiere le scelte che tutelino le tasche dei cittadini e garantiscano efficienza e trasparenza. Lo dica soprattutto allorquando si discuter\u00e0 del rinnovo del cda. Carretta, il sindaco Santarsiero e il Pd.\u00a0<\/span><\/p>\n","protected":false},"excerpt":{"rendered":"<p>Strana davvero a volte la politica. O meglio le posizioni politiche che i assumono nei luoghi deputati. Solo qualche settimana fa, ho presentato in Consiglio &#8230; <\/p>\n","protected":false},"author":1,"featured_media":0,"comment_status":"closed","ping_status":"closed","sticky":false,"template":"single-sidebar.php","format":"standard","meta":{"footnotes":""},"categories":[384],"tags":[],"class_list":["post-7254","post","type-post","status-publish","format-standard","hentry","category-c243-comunicati-stampa-dei-consiglieri-243"],"_links":{"self":[{"href":"https:\/\/archivio.comune.potenza.it\/index.php?rest_route=\/wp\/v2\/posts\/7254"}],"collection":[{"href":"https:\/\/archivio.comune.potenza.it\/index.php?rest_route=\/wp\/v2\/posts"}],"about":[{"href":"https:\/\/archivio.comune.potenza.it\/index.php?rest_route=\/wp\/v2\/types\/post"}],"author":[{"embeddable":true,"href":"https:\/\/archivio.comune.potenza.it\/index.php?rest_route=\/wp\/v2\/users\/1"}],"replies":[{"embeddable":true,"href":"https:\/\/archivio.comune.potenza.it\/index.php?rest_route=%2Fwp%2Fv2%2Fcomments&post=7254"}],"version-history":[{"count":0,"href":"https:\/\/archivio.comune.potenza.it\/index.php?rest_route=\/wp\/v2\/posts\/7254\/revisions"}],"wp:attachment":[{"href":"https:\/\/archivio.comune.potenza.it\/index.php?rest_route=%2Fwp%2Fv2%2Fmedia&parent=7254"}],"wp:term":[{"taxonomy":"category","embeddable":true,"href":"https:\/\/archivio.comune.potenza.it\/index.php?rest_route=%2Fwp%2Fv2%2Fcategories&post=7254"},{"taxonomy":"post_tag","embeddable":true,"href":"https:\/\/archivio.comune.potenza.it\/index.php?rest_route=%2Fwp%2Fv2%2Ftags&post=7254"}],"curies":[{"name":"wp","href":"https:\/\/api.w.org\/{rel}","templated":true}]}}