{"id":7262,"date":"2013-04-15T11:12:31","date_gmt":"2013-04-15T09:12:31","guid":{"rendered":"http:\/\/archivio.comune.potenza.it\/comune_wp\/?p=7262"},"modified":"2013-04-15T11:12:31","modified_gmt":"2013-04-15T09:12:31","slug":"filippo-gesualdi-con-santarsiero-per-potenza-progetto-copes","status":"publish","type":"post","link":"https:\/\/archivio.comune.potenza.it\/?p=7262","title":{"rendered":"Filippo Gesualdi (Con Santarsiero per Potenza): Progetto Copes"},"content":{"rendered":"<p>Filippo Gesualdi, consigliere comunale del gruppo (Con Santarsiero per Potenza) esprime \u201cforti perplessit\u00e0 in merito alla situazione creatasi tra gli aventi diritto al programma regionale\u00a0 di Contrasto alle condizioni di povert\u00e0 e della esclusione sociale (Copes)\u201d. In questa posizione sostenuta anche dal consigliere regionale Alessandro Singetta\u00a0\u00a0 invita \u201cla Regione ad accelerare l\u2019iter burocratico\u00a0 che porti subito al pagamento delle spettanze per i beneficiari\u00a0 per il mese di marzo, considerato che la proposta di variazione al bilancio di previsione per l\u2019esercizio finanziario 2013-2015 \u00e8 stata approvata dal Consiglio regionale il 26 marzo scorso, proprio per garantire la necessaria copertura finanziaria fino al 30 giugno 2013.\u00a0 Il programma Copes \u2013 ribadisce Gesualdi \u2013 coinvolge circa 2200 persone, delle quali 108 sono della citt\u00e0 di Potenza. Si tratta di padri e madri di famiglia che vivono in condizioni di estremo disagio (sono stimati circa 8.000 nuovi poveri), alle prese con il pagamento di bollette per loro troppo esose, e che non riescono neppure a garantirsi un pasto giornaliero. Nato per contrastare fenomeni di povert\u00e0 su iniziativa della Regione Basilicata e del Comune di Potenza,\u00a0 oltre a prevedere l\u2019erogazione di un aiuto finanziario, doveva anche creare opportunit\u00e0 di lavoro, cosa che non \u00e8 stata fatta, ragion per cui \u00e8 necessario che nella\u00a0 stesura del nuovo programma di cittadinanza solidale \u2013 conclude \u2013 non si riduca a puro assistenzialismo, erogando sussidi a persone che ne hanno sicuramente bisogno e che una volta qualificati, dia loro un\u2019opportunit\u00e0 di lavoro, per la loro dignit\u00e0 e per il loro benessere\u201d.<\/p>\n","protected":false},"excerpt":{"rendered":"<p>Filippo Gesualdi, consigliere comunale del gruppo (Con Santarsiero per Potenza) esprime \u201cforti perplessit\u00e0 in merito alla situazione creatasi tra gli aventi diritto al programma regionale\u00a0 &#8230; <\/p>\n","protected":false},"author":1,"featured_media":0,"comment_status":"closed","ping_status":"closed","sticky":false,"template":"single-sidebar.php","format":"standard","meta":{"footnotes":""},"categories":[384],"tags":[],"class_list":["post-7262","post","type-post","status-publish","format-standard","hentry","category-c243-comunicati-stampa-dei-consiglieri-243"],"_links":{"self":[{"href":"https:\/\/archivio.comune.potenza.it\/index.php?rest_route=\/wp\/v2\/posts\/7262"}],"collection":[{"href":"https:\/\/archivio.comune.potenza.it\/index.php?rest_route=\/wp\/v2\/posts"}],"about":[{"href":"https:\/\/archivio.comune.potenza.it\/index.php?rest_route=\/wp\/v2\/types\/post"}],"author":[{"embeddable":true,"href":"https:\/\/archivio.comune.potenza.it\/index.php?rest_route=\/wp\/v2\/users\/1"}],"replies":[{"embeddable":true,"href":"https:\/\/archivio.comune.potenza.it\/index.php?rest_route=%2Fwp%2Fv2%2Fcomments&post=7262"}],"version-history":[{"count":0,"href":"https:\/\/archivio.comune.potenza.it\/index.php?rest_route=\/wp\/v2\/posts\/7262\/revisions"}],"wp:attachment":[{"href":"https:\/\/archivio.comune.potenza.it\/index.php?rest_route=%2Fwp%2Fv2%2Fmedia&parent=7262"}],"wp:term":[{"taxonomy":"category","embeddable":true,"href":"https:\/\/archivio.comune.potenza.it\/index.php?rest_route=%2Fwp%2Fv2%2Fcategories&post=7262"},{"taxonomy":"post_tag","embeddable":true,"href":"https:\/\/archivio.comune.potenza.it\/index.php?rest_route=%2Fwp%2Fv2%2Ftags&post=7262"}],"curies":[{"name":"wp","href":"https:\/\/api.w.org\/{rel}","templated":true}]}}